{"id":5444,"date":"2023-09-26T08:40:52","date_gmt":"2023-09-26T06:40:52","guid":{"rendered":"https:\/\/gesed.org\/?p=5444"},"modified":"2024-11-05T10:05:16","modified_gmt":"2024-11-05T09:05:16","slug":"foire-du-midi-2023","status":"publish","type":"post","link":"https:\/\/gesed.com\/index.php\/2023\/09\/26\/foire-du-midi-2023\/","title":{"rendered":"Foire du Midi 2023"},"content":{"rendered":"\n<p>\u201cLe 10 ao\u00fbt dernier, le GESED \u00e9tait invit\u00e9 par les forainx \u00e0 la journ\u00e9e des enfants malades.<\/p>\n\n\n\n<p>Gr\u00e2ce \u00e0 eux, nos jeunes membres ont pu profiter des attractions et des diff\u00e9rents man\u00e8ges de la Foire du Midi tout en d\u00e9gustant de d\u00e9licieux croustillons.<\/p>\n\n\n\n<p>Encore un grand merci \u00e0 tous les forains, \u00e0 la ville de Bruxelles et Fabian Maingain, \u00e9chevin des Affaires \u00e9conomiques et \u00e0 Brits Herbots et Dadday K, marraine et parrain, pour cette belle journ\u00e9e offerte.\u201d<\/p>\n\n\n\n<p><a href=\"https:\/\/photos.google.com\/share\/AF1QipONoqZMR8m2TtkaOo_957PKSdvHrpVERv8_6whyzl6yHMBd3XjJitjIK_MBZAEMZA?key=Yk9qVWthTzFCSUxiclpYaWlCVlY3VUJKcC1PUF9R\">https:\/\/photos.google.com\/share\/AF1QipONoqZMR8m2TtkaOo_957PKSdvHrpVERv8_6whyzl6yHMBd3XjJitjIK_MBZAEMZA?key=Yk9qVWthTzFCSUxiclpYaWlCVlY3VUJKcC1PUF9R<\/a><\/p>\n\n\n<div style=\"; ; ; ; --blend-mode:multiply; --text-blend-mode:normal; \">\n<figure class=\"wp-block-gallery has-nested-images columns-default is-cropped wp-block-gallery-1 is-layout-flex wp-block-gallery-is-layout-flex\">\n<figure class=\"wp-block-image size-large\"><img decoding=\"async\" src=\"http:\/\/gesed.com\/wp-content\/uploads\/2024\/08\/WhatsApp-Image-6jpg-768x1024.jpg\" alt=\"\"\/><\/figure>\n\n\n\n<figure class=\"wp-block-image size-large\"><img decoding=\"async\" src=\"http:\/\/gesed.com\/wp-content\/uploads\/2024\/08\/WhatsApp-Image-5-768x1024.jpg\" alt=\"\"\/><\/figure>\n\n\n\n<figure class=\"wp-block-image size-large\"><img decoding=\"async\" src=\"http:\/\/gesed.com\/wp-content\/uploads\/2024\/08\/WhatsApp-Image-2023-08-10-a-19.26.59-768x1024.jpg\" alt=\"\"\/><\/figure>\n<\/figure>\n<\/div>\n\n\n<p><\/p>\n","protected":false},"excerpt":{"rendered":"<p>\u201cLe 10 ao\u00fbt dernier, le GESED \u00e9tait invit\u00e9 par les forainx \u00e0 la journ\u00e9e des enfants malades. Gr\u00e2ce \u00e0 eux, nos jeunes membres ont pu profiter des attractions et des diff\u00e9rents man\u00e8ges de la Foire du Midi tout en d\u00e9gustant de d\u00e9licieux croustillons. Encore un grand merci \u00e0 tous les forains, \u00e0 la ville de Bruxelles et Fabian Maingain, \u00e9chevin des Affaires \u00e9conomiques et \u00e0 Brits Herbots et Dadday K, marraine et parrain, pour cette belle journ\u00e9e offerte.\u201d https:\/\/photos.google.com\/share\/AF1QipONoqZMR8m2TtkaOo_957PKSdvHrpVERv8_6whyzl6yHMBd3XjJitjIK_MBZAEMZA?key=Yk9qVWthTzFCSUxiclpYaWlCVlY3VUJKcC1PUF9R<\/p>\n","protected":false},"author":1,"featured_media":5694,"comment_status":"closed","ping_status":"closed","sticky":false,"template":"","format":"standard","meta":{"ocean_post_layout":"","ocean_both_sidebars_style":"","ocean_both_sidebars_content_width":0,"ocean_both_sidebars_sidebars_width":0,"ocean_sidebar":"","ocean_second_sidebar":"","ocean_disable_margins":"enable","ocean_add_body_class":"","ocean_shortcode_before_top_bar":"","ocean_shortcode_after_top_bar":"","ocean_shortcode_before_header":"","ocean_shortcode_after_header":"","ocean_has_shortcode":"","ocean_shortcode_after_title":"","ocean_shortcode_before_footer_widgets":"","ocean_shortcode_after_footer_widgets":"","ocean_shortcode_before_footer_bottom":"","ocean_shortcode_after_footer_bottom":"","ocean_display_top_bar":"default","ocean_display_header":"default","ocean_header_style":"","ocean_center_header_left_menu":"","ocean_custom_header_template":"","ocean_custom_logo":0,"ocean_custom_retina_logo":0,"ocean_custom_logo_max_width":0,"ocean_custom_logo_tablet_max_width":0,"ocean_custom_logo_mobile_max_width":0,"ocean_custom_logo_max_height":0,"ocean_custom_logo_tablet_max_height":0,"ocean_custom_logo_mobile_max_height":0,"ocean_header_custom_menu":"","ocean_menu_typo_font_family":"","ocean_menu_typo_font_subset":"","ocean_menu_typo_font_size":0,"ocean_menu_typo_font_size_tablet":0,"ocean_menu_typo_font_size_mobile":0,"ocean_menu_typo_font_size_unit":"px","ocean_menu_typo_font_weight":"","ocean_menu_typo_font_weight_tablet":"","ocean_menu_typo_font_weight_mobile":"","ocean_menu_typo_transform":"","ocean_menu_typo_transform_tablet":"","ocean_menu_typo_transform_mobile":"","ocean_menu_typo_line_height":0,"ocean_menu_typo_line_height_tablet":0,"ocean_menu_typo_line_height_mobile":0,"ocean_menu_typo_line_height_unit":"","ocean_menu_typo_spacing":0,"ocean_menu_typo_spacing_tablet":0,"ocean_menu_typo_spacing_mobile":0,"ocean_menu_typo_spacing_unit":"","ocean_menu_link_color":"","ocean_menu_link_color_hover":"","ocean_menu_link_color_active":"","ocean_menu_link_background":"","ocean_menu_link_hover_background":"","ocean_menu_link_active_background":"","ocean_menu_social_links_bg":"","ocean_menu_social_hover_links_bg":"","ocean_menu_social_links_color":"","ocean_menu_social_hover_links_color":"","ocean_disable_title":"default","ocean_disable_heading":"default","ocean_post_title":"","ocean_post_subheading":"","ocean_post_title_style":"","ocean_post_title_background_color":"","ocean_post_title_background":0,"ocean_post_title_bg_image_position":"","ocean_post_title_bg_image_attachment":"","ocean_post_title_bg_image_repeat":"","ocean_post_title_bg_image_size":"","ocean_post_title_height":0,"ocean_post_title_bg_overlay":0.5,"ocean_post_title_bg_overlay_color":"","ocean_disable_breadcrumbs":"default","ocean_breadcrumbs_color":"","ocean_breadcrumbs_separator_color":"","ocean_breadcrumbs_links_color":"","ocean_breadcrumbs_links_hover_color":"","ocean_display_footer_widgets":"default","ocean_display_footer_bottom":"default","ocean_custom_footer_template":"","ocean_post_oembed":"","ocean_post_self_hosted_media":"","ocean_post_video_embed":"","ocean_link_format":"","ocean_link_format_target":"self","ocean_quote_format":"","ocean_quote_format_link":"post","ocean_gallery_link_images":"on","ocean_gallery_id":[],"footnotes":""},"categories":[40],"tags":[],"class_list":["post-5444","post","type-post","status-publish","format-standard","has-post-thumbnail","hentry","category-journee-conviviale-passe","entry","has-media"],"yoast_head":"<!-- This site is optimized with the Yoast SEO plugin v27.5 - https:\/\/yoast.com\/product\/yoast-seo-wordpress\/ -->\n<title>Foire du Midi 2023 - Gesed<\/title>\n<meta name=\"robots\" content=\"index, follow, max-snippet:-1, max-image-preview:large, max-video-preview:-1\" \/>\n<link rel=\"canonical\" href=\"https:\/\/gesed.com\/index.php\/2023\/09\/26\/foire-du-midi-2023\/\" \/>\n<meta property=\"og:locale\" content=\"fr_FR\" \/>\n<meta property=\"og:type\" content=\"article\" \/>\n<meta property=\"og:title\" content=\"Foire du Midi 2023 - Gesed\" \/>\n<meta property=\"og:description\" content=\"\u201cLe 10 ao\u00fbt dernier, le GESED \u00e9tait invit\u00e9 par les forainx \u00e0 la journ\u00e9e des enfants malades. Gr\u00e2ce \u00e0 eux, nos jeunes membres ont pu profiter des attractions et des diff\u00e9rents man\u00e8ges de la Foire du Midi tout en d\u00e9gustant de d\u00e9licieux croustillons. Encore un grand merci \u00e0 tous les forains, \u00e0 la ville de Bruxelles et Fabian Maingain, \u00e9chevin des Affaires \u00e9conomiques et \u00e0 Brits Herbots et Dadday K, marraine et parrain, pour cette belle journ\u00e9e offerte.\u201d https:\/\/photos.google.com\/share\/AF1QipONoqZMR8m2TtkaOo_957PKSdvHrpVERv8_6whyzl6yHMBd3XjJitjIK_MBZAEMZA?key=Yk9qVWthTzFCSUxiclpYaWlCVlY3VUJKcC1PUF9R\" \/>\n<meta property=\"og:url\" content=\"https:\/\/gesed.com\/index.php\/2023\/09\/26\/foire-du-midi-2023\/\" \/>\n<meta property=\"og:site_name\" content=\"Gesed\" \/>\n<meta property=\"article:publisher\" content=\"https:\/\/www.facebook.com\/gesedasbl\" \/>\n<meta property=\"article:published_time\" content=\"2023-09-26T06:40:52+00:00\" \/>\n<meta property=\"article:modified_time\" content=\"2024-11-05T09:05:16+00:00\" \/>\n<meta property=\"og:image\" content=\"https:\/\/gesed.com\/wp-content\/uploads\/2024\/08\/WhatsApp-Image-2023-08-10-a-19.26.59.jpg\" \/>\n\t<meta property=\"og:image:width\" content=\"1512\" \/>\n\t<meta property=\"og:image:height\" content=\"2016\" \/>\n\t<meta property=\"og:image:type\" content=\"image\/jpeg\" \/>\n<meta name=\"author\" content=\"YloGesed\" \/>\n<meta name=\"twitter:card\" content=\"summary_large_image\" \/>\n<meta name=\"twitter:label1\" content=\"\u00c9crit par\" \/>\n\t<meta name=\"twitter:data1\" content=\"YloGesed\" \/>\n\t<meta name=\"twitter:label2\" content=\"Dur\u00e9e de lecture estim\u00e9e\" \/>\n\t<meta name=\"twitter:data2\" content=\"2 minutes\" \/>\n<script type=\"application\/ld+json\" class=\"yoast-schema-graph\">{\"@context\":\"https:\\\/\\\/schema.org\",\"@graph\":[{\"@type\":\"Article\",\"@id\":\"https:\\\/\\\/gesed.com\\\/index.php\\\/2023\\\/09\\\/26\\\/foire-du-midi-2023\\\/#article\",\"isPartOf\":{\"@id\":\"https:\\\/\\\/gesed.com\\\/index.php\\\/2023\\\/09\\\/26\\\/foire-du-midi-2023\\\/\"},\"author\":{\"name\":\"YloGesed\",\"@id\":\"https:\\\/\\\/gesed.com\\\/#\\\/schema\\\/person\\\/ac9697ce74863d13e9d8da7f532c0a6e\"},\"headline\":\"Foire du Midi 2023\",\"datePublished\":\"2023-09-26T06:40:52+00:00\",\"dateModified\":\"2024-11-05T09:05:16+00:00\",\"mainEntityOfPage\":{\"@id\":\"https:\\\/\\\/gesed.com\\\/index.php\\\/2023\\\/09\\\/26\\\/foire-du-midi-2023\\\/\"},\"wordCount\":103,\"image\":{\"@id\":\"https:\\\/\\\/gesed.com\\\/index.php\\\/2023\\\/09\\\/26\\\/foire-du-midi-2023\\\/#primaryimage\"},\"thumbnailUrl\":\"https:\\\/\\\/gesed.com\\\/wp-content\\\/uploads\\\/2024\\\/08\\\/WhatsApp-Image-2023-08-10-a-19.26.59.jpg\",\"articleSection\":[\"Journ\u00e9e conviviale - pass\u00e9\"],\"inLanguage\":\"fr-FR\"},{\"@type\":\"WebPage\",\"@id\":\"https:\\\/\\\/gesed.com\\\/index.php\\\/2023\\\/09\\\/26\\\/foire-du-midi-2023\\\/\",\"url\":\"https:\\\/\\\/gesed.com\\\/index.php\\\/2023\\\/09\\\/26\\\/foire-du-midi-2023\\\/\",\"name\":\"Foire du Midi 2023 - Gesed\",\"isPartOf\":{\"@id\":\"https:\\\/\\\/gesed.com\\\/#website\"},\"primaryImageOfPage\":{\"@id\":\"https:\\\/\\\/gesed.com\\\/index.php\\\/2023\\\/09\\\/26\\\/foire-du-midi-2023\\\/#primaryimage\"},\"image\":{\"@id\":\"https:\\\/\\\/gesed.com\\\/index.php\\\/2023\\\/09\\\/26\\\/foire-du-midi-2023\\\/#primaryimage\"},\"thumbnailUrl\":\"https:\\\/\\\/gesed.com\\\/wp-content\\\/uploads\\\/2024\\\/08\\\/WhatsApp-Image-2023-08-10-a-19.26.59.jpg\",\"datePublished\":\"2023-09-26T06:40:52+00:00\",\"dateModified\":\"2024-11-05T09:05:16+00:00\",\"author\":{\"@id\":\"https:\\\/\\\/gesed.com\\\/#\\\/schema\\\/person\\\/ac9697ce74863d13e9d8da7f532c0a6e\"},\"breadcrumb\":{\"@id\":\"https:\\\/\\\/gesed.com\\\/index.php\\\/2023\\\/09\\\/26\\\/foire-du-midi-2023\\\/#breadcrumb\"},\"inLanguage\":\"fr-FR\",\"potentialAction\":[{\"@type\":\"ReadAction\",\"target\":[\"https:\\\/\\\/gesed.com\\\/index.php\\\/2023\\\/09\\\/26\\\/foire-du-midi-2023\\\/\"]}]},{\"@type\":\"ImageObject\",\"inLanguage\":\"fr-FR\",\"@id\":\"https:\\\/\\\/gesed.com\\\/index.php\\\/2023\\\/09\\\/26\\\/foire-du-midi-2023\\\/#primaryimage\",\"url\":\"https:\\\/\\\/gesed.com\\\/wp-content\\\/uploads\\\/2024\\\/08\\\/WhatsApp-Image-2023-08-10-a-19.26.59.jpg\",\"contentUrl\":\"https:\\\/\\\/gesed.com\\\/wp-content\\\/uploads\\\/2024\\\/08\\\/WhatsApp-Image-2023-08-10-a-19.26.59.jpg\",\"width\":1512,\"height\":2016},{\"@type\":\"BreadcrumbList\",\"@id\":\"https:\\\/\\\/gesed.com\\\/index.php\\\/2023\\\/09\\\/26\\\/foire-du-midi-2023\\\/#breadcrumb\",\"itemListElement\":[{\"@type\":\"ListItem\",\"position\":1,\"name\":\"Accueil\",\"item\":\"https:\\\/\\\/gesed.com\\\/\"},{\"@type\":\"ListItem\",\"position\":2,\"name\":\"Journ\u00e9e conviviale - pass\u00e9\",\"item\":\"https:\\\/\\\/gesed.com\\\/index.php\\\/category\\\/journee-conviviale-passe\\\/\"},{\"@type\":\"ListItem\",\"position\":3,\"name\":\"Foire du Midi 2023\"}]},{\"@type\":\"WebSite\",\"@id\":\"https:\\\/\\\/gesed.com\\\/#website\",\"url\":\"https:\\\/\\\/gesed.com\\\/\",\"name\":\"Gesed\",\"description\":\"Groupe d&#039;Entraide des Syndr\u00f4mes d&#039;Ehlers-Danlos\",\"potentialAction\":[{\"@type\":\"SearchAction\",\"target\":{\"@type\":\"EntryPoint\",\"urlTemplate\":\"https:\\\/\\\/gesed.com\\\/?s={search_term_string}\"},\"query-input\":{\"@type\":\"PropertyValueSpecification\",\"valueRequired\":true,\"valueName\":\"search_term_string\"}}],\"inLanguage\":\"fr-FR\"},{\"@type\":\"Person\",\"@id\":\"https:\\\/\\\/gesed.com\\\/#\\\/schema\\\/person\\\/ac9697ce74863d13e9d8da7f532c0a6e\",\"name\":\"YloGesed\",\"image\":{\"@type\":\"ImageObject\",\"inLanguage\":\"fr-FR\",\"@id\":\"https:\\\/\\\/secure.gravatar.com\\\/avatar\\\/de729b1d67e029c80cd346c168b66d6f04504c0824ca7cbfb1c17dab473a3725?s=96&d=mm&r=g\",\"url\":\"https:\\\/\\\/secure.gravatar.com\\\/avatar\\\/de729b1d67e029c80cd346c168b66d6f04504c0824ca7cbfb1c17dab473a3725?s=96&d=mm&r=g\",\"contentUrl\":\"https:\\\/\\\/secure.gravatar.com\\\/avatar\\\/de729b1d67e029c80cd346c168b66d6f04504c0824ca7cbfb1c17dab473a3725?s=96&d=mm&r=g\",\"caption\":\"YloGesed\"},\"sameAs\":[\"https:\\\/\\\/gesed.com\"],\"url\":\"https:\\\/\\\/gesed.com\\\/index.php\\\/author\\\/admin2349\\\/\"}]}<\/script>\n<!-- \/ Yoast SEO plugin. -->","yoast_head_json":{"title":"Foire du Midi 2023 - Gesed","robots":{"index":"index","follow":"follow","max-snippet":"max-snippet:-1","max-image-preview":"max-image-preview:large","max-video-preview":"max-video-preview:-1"},"canonical":"https:\/\/gesed.com\/index.php\/2023\/09\/26\/foire-du-midi-2023\/","og_locale":"fr_FR","og_type":"article","og_title":"Foire du Midi 2023 - Gesed","og_description":"\u201cLe 10 ao\u00fbt dernier, le GESED \u00e9tait invit\u00e9 par les forainx \u00e0 la journ\u00e9e des enfants malades. Gr\u00e2ce \u00e0 eux, nos jeunes membres ont pu profiter des attractions et des diff\u00e9rents man\u00e8ges de la Foire du Midi tout en d\u00e9gustant de d\u00e9licieux croustillons. Encore un grand merci \u00e0 tous les forains, \u00e0 la ville de Bruxelles et Fabian Maingain, \u00e9chevin des Affaires \u00e9conomiques et \u00e0 Brits Herbots et Dadday K, marraine et parrain, pour cette belle journ\u00e9e offerte.\u201d https:\/\/photos.google.com\/share\/AF1QipONoqZMR8m2TtkaOo_957PKSdvHrpVERv8_6whyzl6yHMBd3XjJitjIK_MBZAEMZA?key=Yk9qVWthTzFCSUxiclpYaWlCVlY3VUJKcC1PUF9R","og_url":"https:\/\/gesed.com\/index.php\/2023\/09\/26\/foire-du-midi-2023\/","og_site_name":"Gesed","article_publisher":"https:\/\/www.facebook.com\/gesedasbl","article_published_time":"2023-09-26T06:40:52+00:00","article_modified_time":"2024-11-05T09:05:16+00:00","og_image":[{"width":1512,"height":2016,"url":"https:\/\/gesed.com\/wp-content\/uploads\/2024\/08\/WhatsApp-Image-2023-08-10-a-19.26.59.jpg","type":"image\/jpeg"}],"author":"YloGesed","twitter_card":"summary_large_image","twitter_misc":{"\u00c9crit par":"YloGesed","Dur\u00e9e de lecture estim\u00e9e":"2 minutes"},"schema":{"@context":"https:\/\/schema.org","@graph":[{"@type":"Article","@id":"https:\/\/gesed.com\/index.php\/2023\/09\/26\/foire-du-midi-2023\/#article","isPartOf":{"@id":"https:\/\/gesed.com\/index.php\/2023\/09\/26\/foire-du-midi-2023\/"},"author":{"name":"YloGesed","@id":"https:\/\/gesed.com\/#\/schema\/person\/ac9697ce74863d13e9d8da7f532c0a6e"},"headline":"Foire du Midi 2023","datePublished":"2023-09-26T06:40:52+00:00","dateModified":"2024-11-05T09:05:16+00:00","mainEntityOfPage":{"@id":"https:\/\/gesed.com\/index.php\/2023\/09\/26\/foire-du-midi-2023\/"},"wordCount":103,"image":{"@id":"https:\/\/gesed.com\/index.php\/2023\/09\/26\/foire-du-midi-2023\/#primaryimage"},"thumbnailUrl":"https:\/\/gesed.com\/wp-content\/uploads\/2024\/08\/WhatsApp-Image-2023-08-10-a-19.26.59.jpg","articleSection":["Journ\u00e9e conviviale - pass\u00e9"],"inLanguage":"fr-FR"},{"@type":"WebPage","@id":"https:\/\/gesed.com\/index.php\/2023\/09\/26\/foire-du-midi-2023\/","url":"https:\/\/gesed.com\/index.php\/2023\/09\/26\/foire-du-midi-2023\/","name":"Foire du Midi 2023 - Gesed","isPartOf":{"@id":"https:\/\/gesed.com\/#website"},"primaryImageOfPage":{"@id":"https:\/\/gesed.com\/index.php\/2023\/09\/26\/foire-du-midi-2023\/#primaryimage"},"image":{"@id":"https:\/\/gesed.com\/index.php\/2023\/09\/26\/foire-du-midi-2023\/#primaryimage"},"thumbnailUrl":"https:\/\/gesed.com\/wp-content\/uploads\/2024\/08\/WhatsApp-Image-2023-08-10-a-19.26.59.jpg","datePublished":"2023-09-26T06:40:52+00:00","dateModified":"2024-11-05T09:05:16+00:00","author":{"@id":"https:\/\/gesed.com\/#\/schema\/person\/ac9697ce74863d13e9d8da7f532c0a6e"},"breadcrumb":{"@id":"https:\/\/gesed.com\/index.php\/2023\/09\/26\/foire-du-midi-2023\/#breadcrumb"},"inLanguage":"fr-FR","potentialAction":[{"@type":"ReadAction","target":["https:\/\/gesed.com\/index.php\/2023\/09\/26\/foire-du-midi-2023\/"]}]},{"@type":"ImageObject","inLanguage":"fr-FR","@id":"https:\/\/gesed.com\/index.php\/2023\/09\/26\/foire-du-midi-2023\/#primaryimage","url":"https:\/\/gesed.com\/wp-content\/uploads\/2024\/08\/WhatsApp-Image-2023-08-10-a-19.26.59.jpg","contentUrl":"https:\/\/gesed.com\/wp-content\/uploads\/2024\/08\/WhatsApp-Image-2023-08-10-a-19.26.59.jpg","width":1512,"height":2016},{"@type":"BreadcrumbList","@id":"https:\/\/gesed.com\/index.php\/2023\/09\/26\/foire-du-midi-2023\/#breadcrumb","itemListElement":[{"@type":"ListItem","position":1,"name":"Accueil","item":"https:\/\/gesed.com\/"},{"@type":"ListItem","position":2,"name":"Journ\u00e9e conviviale - pass\u00e9","item":"https:\/\/gesed.com\/index.php\/category\/journee-conviviale-passe\/"},{"@type":"ListItem","position":3,"name":"Foire du Midi 2023"}]},{"@type":"WebSite","@id":"https:\/\/gesed.com\/#website","url":"https:\/\/gesed.com\/","name":"Gesed","description":"Groupe d&#039;Entraide des Syndr\u00f4mes d&#039;Ehlers-Danlos","potentialAction":[{"@type":"SearchAction","target":{"@type":"EntryPoint","urlTemplate":"https:\/\/gesed.com\/?s={search_term_string}"},"query-input":{"@type":"PropertyValueSpecification","valueRequired":true,"valueName":"search_term_string"}}],"inLanguage":"fr-FR"},{"@type":"Person","@id":"https:\/\/gesed.com\/#\/schema\/person\/ac9697ce74863d13e9d8da7f532c0a6e","name":"YloGesed","image":{"@type":"ImageObject","inLanguage":"fr-FR","@id":"https:\/\/secure.gravatar.com\/avatar\/de729b1d67e029c80cd346c168b66d6f04504c0824ca7cbfb1c17dab473a3725?s=96&d=mm&r=g","url":"https:\/\/secure.gravatar.com\/avatar\/de729b1d67e029c80cd346c168b66d6f04504c0824ca7cbfb1c17dab473a3725?s=96&d=mm&r=g","contentUrl":"https:\/\/secure.gravatar.com\/avatar\/de729b1d67e029c80cd346c168b66d6f04504c0824ca7cbfb1c17dab473a3725?s=96&d=mm&r=g","caption":"YloGesed"},"sameAs":["https:\/\/gesed.com"],"url":"https:\/\/gesed.com\/index.php\/author\/admin2349\/"}]}},"publishpress_future_action":{"enabled":false,"date":"2026-05-07 06:05:48","action":"change-status","newStatus":"draft","terms":[],"taxonomy":"category","extraData":[]},"publishpress_future_workflow_manual_trigger":{"enabledWorkflows":[]},"rttpg_featured_image_url":{"full":["https:\/\/gesed.com\/wp-content\/uploads\/2024\/08\/WhatsApp-Image-2023-08-10-a-19.26.59.jpg",1512,2016,false],"landscape":["https:\/\/gesed.com\/wp-content\/uploads\/2024\/08\/WhatsApp-Image-2023-08-10-a-19.26.59.jpg",1512,2016,false],"portraits":["https:\/\/gesed.com\/wp-content\/uploads\/2024\/08\/WhatsApp-Image-2023-08-10-a-19.26.59.jpg",1512,2016,false],"thumbnail":["https:\/\/gesed.com\/wp-content\/uploads\/2024\/08\/WhatsApp-Image-2023-08-10-a-19.26.59-150x150.jpg",150,150,true],"medium":["https:\/\/gesed.com\/wp-content\/uploads\/2024\/08\/WhatsApp-Image-2023-08-10-a-19.26.59-225x300.jpg",225,300,true],"large":["https:\/\/gesed.com\/wp-content\/uploads\/2024\/08\/WhatsApp-Image-2023-08-10-a-19.26.59-768x1024.jpg",768,1024,true],"thumblist":["https:\/\/gesed.com\/wp-content\/uploads\/2024\/08\/WhatsApp-Image-2023-08-10-a-19.26.59-300x300.jpg",300,300,true],"thumbrelated":["https:\/\/gesed.com\/wp-content\/uploads\/2024\/08\/WhatsApp-Image-2023-08-10-a-19.26.59-500x500.jpg",500,500,true],"meccarouselthumb":["https:\/\/gesed.com\/wp-content\/uploads\/2024\/08\/WhatsApp-Image-2023-08-10-a-19.26.59-474x324.jpg",474,324,true],"gridsquare":["https:\/\/gesed.com\/wp-content\/uploads\/2024\/08\/WhatsApp-Image-2023-08-10-a-19.26.59-391x260.jpg",391,260,true],"tileview":["https:\/\/gesed.com\/wp-content\/uploads\/2024\/08\/WhatsApp-Image-2023-08-10-a-19.26.59-300x400.jpg",300,400,true],"1536x1536":["https:\/\/gesed.com\/wp-content\/uploads\/2024\/08\/WhatsApp-Image-2023-08-10-a-19.26.59-1152x1536.jpg",1152,1536,true],"2048x2048":["https:\/\/gesed.com\/wp-content\/uploads\/2024\/08\/WhatsApp-Image-2023-08-10-a-19.26.59.jpg",1512,2016,false],"ocean-thumb-m":["https:\/\/gesed.com\/wp-content\/uploads\/2024\/08\/WhatsApp-Image-2023-08-10-a-19.26.59-600x600.jpg",600,600,true],"ocean-thumb-ml":["https:\/\/gesed.com\/wp-content\/uploads\/2024\/08\/WhatsApp-Image-2023-08-10-a-19.26.59-800x450.jpg",800,450,true],"ocean-thumb-l":["https:\/\/gesed.com\/wp-content\/uploads\/2024\/08\/WhatsApp-Image-2023-08-10-a-19.26.59-1200x700.jpg",1200,700,true],"ultp_layout_landscape_large":["https:\/\/gesed.com\/wp-content\/uploads\/2024\/08\/WhatsApp-Image-2023-08-10-a-19.26.59-1200x800.jpg",1200,800,true],"ultp_layout_landscape":["https:\/\/gesed.com\/wp-content\/uploads\/2024\/08\/WhatsApp-Image-2023-08-10-a-19.26.59-870x570.jpg",870,570,true],"ultp_layout_portrait":["https:\/\/gesed.com\/wp-content\/uploads\/2024\/08\/WhatsApp-Image-2023-08-10-a-19.26.59-600x900.jpg",600,900,true],"ultp_layout_square":["https:\/\/gesed.com\/wp-content\/uploads\/2024\/08\/WhatsApp-Image-2023-08-10-a-19.26.59-600x600.jpg",600,600,true]},"rttpg_author":{"display_name":"YloGesed","author_link":"https:\/\/gesed.com\/index.php\/author\/admin2349\/"},"rttpg_comment":0,"rttpg_category":"<a href=\"https:\/\/gesed.com\/index.php\/category\/journee-conviviale-passe\/\" rel=\"category tag\">Journ\u00e9e conviviale - pass\u00e9<\/a>","rttpg_excerpt":"\u201cLe 10 ao\u00fbt dernier, le GESED \u00e9tait invit\u00e9 par les forainx \u00e0 la journ\u00e9e des enfants malades. Gr\u00e2ce \u00e0 eux, nos jeunes membres ont pu profiter des attractions et des diff\u00e9rents man\u00e8ges de la Foire du Midi tout en d\u00e9gustant de d\u00e9licieux croustillons. Encore un grand merci \u00e0 tous les forains, \u00e0 la ville de\u2026","_links":{"self":[{"href":"https:\/\/gesed.com\/index.php\/wp-json\/wp\/v2\/posts\/5444","targetHints":{"allow":["GET"]}}],"collection":[{"href":"https:\/\/gesed.com\/index.php\/wp-json\/wp\/v2\/posts"}],"about":[{"href":"https:\/\/gesed.com\/index.php\/wp-json\/wp\/v2\/types\/post"}],"author":[{"embeddable":true,"href":"https:\/\/gesed.com\/index.php\/wp-json\/wp\/v2\/users\/1"}],"replies":[{"embeddable":true,"href":"https:\/\/gesed.com\/index.php\/wp-json\/wp\/v2\/comments?post=5444"}],"version-history":[{"count":3,"href":"https:\/\/gesed.com\/index.php\/wp-json\/wp\/v2\/posts\/5444\/revisions"}],"predecessor-version":[{"id":6249,"href":"https:\/\/gesed.com\/index.php\/wp-json\/wp\/v2\/posts\/5444\/revisions\/6249"}],"wp:featuredmedia":[{"embeddable":true,"href":"https:\/\/gesed.com\/index.php\/wp-json\/wp\/v2\/media\/5694"}],"wp:attachment":[{"href":"https:\/\/gesed.com\/index.php\/wp-json\/wp\/v2\/media?parent=5444"}],"wp:term":[{"taxonomy":"category","embeddable":true,"href":"https:\/\/gesed.com\/index.php\/wp-json\/wp\/v2\/categories?post=5444"},{"taxonomy":"post_tag","embeddable":true,"href":"https:\/\/gesed.com\/index.php\/wp-json\/wp\/v2\/tags?post=5444"}],"curies":[{"name":"wp","href":"https:\/\/api.w.org\/{rel}","templated":true}]}}