{"id":6569,"date":"2024-12-04T17:55:19","date_gmt":"2024-12-04T16:55:19","guid":{"rendered":"https:\/\/gesed.com\/?p=6569"},"modified":"2024-12-04T17:56:25","modified_gmt":"2024-12-04T16:56:25","slug":"suspicion-dun-handicap-chez-ladulte","status":"publish","type":"post","link":"https:\/\/gesed.com\/index.php\/2024\/12\/04\/suspicion-dun-handicap-chez-ladulte\/","title":{"rendered":"Suspicion d\u2019un handicap chez l\u2019adulte &#8211; conf\u00e9rence"},"content":{"rendered":"\n<p class=\"has-text-align-left\">Quel dialogue patients, proches et professionnels en cas de suspicion d\u2019un handicap ou d\u2019une maladie grave chez l\u2019adulte ? Cette question est au c\u0153ur de la conf\u00e9rence organis\u00e9e par la PAH en partenariat avec l\u2019Universit\u00e9 de Li\u00e8ge, le 30 janvier 2025. Un m\u00e9decin g\u00e9n\u00e9raliste, un psychiatre et une psychologue tenteront de r\u00e9pondre \u00e0 cette question, sans oublier les t\u00e9moignages d\u2019aidants-proches. Pour de plus amples informations sur la conf\u00e9rence et les inscriptions, cliquez sur le lien ci-dessous<br><a href=\"https:\/\/www.plateformeannoncehandicap.be\/intro\/public\/conference-a-liege-le-jeudi-30-janvier-2025\/?fbclid=IwZXh0bgNhZW0CMTAAAR2Me2xBKwPOMYLMfWlYz5yZ84DkgTCPRc-ln4k0M1xUBbKktiNuz2fGZx0_aem_gLf4Mhl8J5O0UrmJqToynQ\" target=\"_blank\" rel=\"noreferrer noopener\"><strong>https:\/\/www.plateformeannoncehandicap.be\/&#8230;\/conference&#8230;\/<\/strong><\/a><\/p>\n\n\n<div class=\"wp-block-image\">\n<figure class=\"aligncenter size-full\"><img fetchpriority=\"high\" decoding=\"async\" width=\"395\" height=\"574\" src=\"https:\/\/gesed.com\/wp-content\/uploads\/2024\/12\/Suspicion-handicap.jpg\" alt=\"\" class=\"wp-image-6570\" srcset=\"https:\/\/gesed.com\/wp-content\/uploads\/2024\/12\/Suspicion-handicap.jpg 395w, https:\/\/gesed.com\/wp-content\/uploads\/2024\/12\/Suspicion-handicap-206x300.jpg 206w\" sizes=\"(max-width: 395px) 100vw, 395px\" \/><\/figure>\n<\/div>","protected":false},"excerpt":{"rendered":"<p>Quel dialogue patients, proches et professionnels en cas de suspicion d\u2019un handicap ou d\u2019une maladie grave chez l\u2019adulte ? Cette question est au c\u0153ur de la conf\u00e9rence organis\u00e9e par la PAH en partenariat avec l\u2019Universit\u00e9 de Li\u00e8ge, le 30 janvier 2025. Un m\u00e9decin g\u00e9n\u00e9raliste, un psychiatre et une psychologue tenteront de r\u00e9pondre \u00e0 cette question, sans oublier les t\u00e9moignages d\u2019aidants-proches. Pour de plus amples informations sur la conf\u00e9rence et les inscriptions, cliquez sur le lien ci-dessoushttps:\/\/www.plateformeannoncehandicap.be\/&#8230;\/conference&#8230;\/<\/p>\n","protected":false},"author":1,"featured_media":6570,"comment_status":"open","ping_status":"open","sticky":false,"template":"","format":"standard","meta":{"ocean_post_layout":"","ocean_both_sidebars_style":"","ocean_both_sidebars_content_width":0,"ocean_both_sidebars_sidebars_width":0,"ocean_sidebar":"","ocean_second_sidebar":"","ocean_disable_margins":"enable","ocean_add_body_class":"","ocean_shortcode_before_top_bar":"","ocean_shortcode_after_top_bar":"","ocean_shortcode_before_header":"","ocean_shortcode_after_header":"","ocean_has_shortcode":"","ocean_shortcode_after_title":"","ocean_shortcode_before_footer_widgets":"","ocean_shortcode_after_footer_widgets":"","ocean_shortcode_before_footer_bottom":"","ocean_shortcode_after_footer_bottom":"","ocean_display_top_bar":"default","ocean_display_header":"default","ocean_header_style":"","ocean_center_header_left_menu":"","ocean_custom_header_template":"","ocean_custom_logo":0,"ocean_custom_retina_logo":0,"ocean_custom_logo_max_width":0,"ocean_custom_logo_tablet_max_width":0,"ocean_custom_logo_mobile_max_width":0,"ocean_custom_logo_max_height":0,"ocean_custom_logo_tablet_max_height":0,"ocean_custom_logo_mobile_max_height":0,"ocean_header_custom_menu":"","ocean_menu_typo_font_family":"","ocean_menu_typo_font_subset":"","ocean_menu_typo_font_size":0,"ocean_menu_typo_font_size_tablet":0,"ocean_menu_typo_font_size_mobile":0,"ocean_menu_typo_font_size_unit":"px","ocean_menu_typo_font_weight":"","ocean_menu_typo_font_weight_tablet":"","ocean_menu_typo_font_weight_mobile":"","ocean_menu_typo_transform":"","ocean_menu_typo_transform_tablet":"","ocean_menu_typo_transform_mobile":"","ocean_menu_typo_line_height":0,"ocean_menu_typo_line_height_tablet":0,"ocean_menu_typo_line_height_mobile":0,"ocean_menu_typo_line_height_unit":"","ocean_menu_typo_spacing":0,"ocean_menu_typo_spacing_tablet":0,"ocean_menu_typo_spacing_mobile":0,"ocean_menu_typo_spacing_unit":"","ocean_menu_link_color":"","ocean_menu_link_color_hover":"","ocean_menu_link_color_active":"","ocean_menu_link_background":"","ocean_menu_link_hover_background":"","ocean_menu_link_active_background":"","ocean_menu_social_links_bg":"","ocean_menu_social_hover_links_bg":"","ocean_menu_social_links_color":"","ocean_menu_social_hover_links_color":"","ocean_disable_title":"default","ocean_disable_heading":"default","ocean_post_title":"","ocean_post_subheading":"","ocean_post_title_style":"","ocean_post_title_background_color":"","ocean_post_title_background":0,"ocean_post_title_bg_image_position":"","ocean_post_title_bg_image_attachment":"","ocean_post_title_bg_image_repeat":"","ocean_post_title_bg_image_size":"","ocean_post_title_height":0,"ocean_post_title_bg_overlay":0.5,"ocean_post_title_bg_overlay_color":"","ocean_disable_breadcrumbs":"default","ocean_breadcrumbs_color":"","ocean_breadcrumbs_separator_color":"","ocean_breadcrumbs_links_color":"","ocean_breadcrumbs_links_hover_color":"","ocean_display_footer_widgets":"default","ocean_display_footer_bottom":"default","ocean_custom_footer_template":"","ocean_post_oembed":"","ocean_post_self_hosted_media":"","ocean_post_video_embed":"","ocean_link_format":"","ocean_link_format_target":"self","ocean_quote_format":"","ocean_quote_format_link":"post","ocean_gallery_link_images":"on","ocean_gallery_id":[],"footnotes":""},"categories":[18,39],"tags":[],"class_list":["post-6569","post","type-post","status-publish","format-standard","has-post-thumbnail","hentry","category-news-general","category-page-accueil","entry","has-media"],"yoast_head":"<!-- This site is optimized with the Yoast SEO plugin v27.5 - https:\/\/yoast.com\/product\/yoast-seo-wordpress\/ -->\n<title>Suspicion d\u2019un handicap chez l\u2019adulte - conf\u00e9rence - Gesed<\/title>\n<meta name=\"robots\" content=\"index, follow, max-snippet:-1, max-image-preview:large, max-video-preview:-1\" \/>\n<link rel=\"canonical\" href=\"https:\/\/gesed.com\/index.php\/2024\/12\/04\/suspicion-dun-handicap-chez-ladulte\/\" \/>\n<meta property=\"og:locale\" content=\"fr_FR\" \/>\n<meta property=\"og:type\" content=\"article\" \/>\n<meta property=\"og:title\" content=\"Suspicion d\u2019un handicap chez l\u2019adulte - conf\u00e9rence - Gesed\" \/>\n<meta property=\"og:description\" content=\"Quel dialogue patients, proches et professionnels en cas de suspicion d\u2019un handicap ou d\u2019une maladie grave chez l\u2019adulte ? Cette question est au c\u0153ur de la conf\u00e9rence organis\u00e9e par la PAH en partenariat avec l\u2019Universit\u00e9 de Li\u00e8ge, le 30 janvier 2025. Un m\u00e9decin g\u00e9n\u00e9raliste, un psychiatre et une psychologue tenteront de r\u00e9pondre \u00e0 cette question, sans oublier les t\u00e9moignages d\u2019aidants-proches. Pour de plus amples informations sur la conf\u00e9rence et les inscriptions, cliquez sur le lien ci-dessoushttps:\/\/www.plateformeannoncehandicap.be\/&#8230;\/conference&#8230;\/\" \/>\n<meta property=\"og:url\" content=\"https:\/\/gesed.com\/index.php\/2024\/12\/04\/suspicion-dun-handicap-chez-ladulte\/\" \/>\n<meta property=\"og:site_name\" content=\"Gesed\" \/>\n<meta property=\"article:publisher\" content=\"https:\/\/www.facebook.com\/gesedasbl\" \/>\n<meta property=\"article:published_time\" content=\"2024-12-04T16:55:19+00:00\" \/>\n<meta property=\"article:modified_time\" content=\"2024-12-04T16:56:25+00:00\" \/>\n<meta property=\"og:image\" content=\"https:\/\/gesed.com\/wp-content\/uploads\/2024\/12\/Suspicion-handicap.jpg\" \/>\n\t<meta property=\"og:image:width\" content=\"395\" \/>\n\t<meta property=\"og:image:height\" content=\"574\" \/>\n\t<meta property=\"og:image:type\" content=\"image\/jpeg\" \/>\n<meta name=\"author\" content=\"YloGesed\" \/>\n<meta name=\"twitter:card\" content=\"summary_large_image\" \/>\n<meta name=\"twitter:label1\" content=\"\u00c9crit par\" \/>\n\t<meta name=\"twitter:data1\" content=\"YloGesed\" \/>\n\t<meta name=\"twitter:label2\" content=\"Dur\u00e9e de lecture estim\u00e9e\" \/>\n\t<meta name=\"twitter:data2\" content=\"1 minute\" \/>\n<script type=\"application\/ld+json\" class=\"yoast-schema-graph\">{\"@context\":\"https:\\\/\\\/schema.org\",\"@graph\":[{\"@type\":\"Article\",\"@id\":\"https:\\\/\\\/gesed.com\\\/index.php\\\/2024\\\/12\\\/04\\\/suspicion-dun-handicap-chez-ladulte\\\/#article\",\"isPartOf\":{\"@id\":\"https:\\\/\\\/gesed.com\\\/index.php\\\/2024\\\/12\\\/04\\\/suspicion-dun-handicap-chez-ladulte\\\/\"},\"author\":{\"name\":\"YloGesed\",\"@id\":\"https:\\\/\\\/gesed.com\\\/#\\\/schema\\\/person\\\/ac9697ce74863d13e9d8da7f532c0a6e\"},\"headline\":\"Suspicion d\u2019un handicap chez l\u2019adulte &#8211; conf\u00e9rence\",\"datePublished\":\"2024-12-04T16:55:19+00:00\",\"dateModified\":\"2024-12-04T16:56:25+00:00\",\"mainEntityOfPage\":{\"@id\":\"https:\\\/\\\/gesed.com\\\/index.php\\\/2024\\\/12\\\/04\\\/suspicion-dun-handicap-chez-ladulte\\\/\"},\"wordCount\":102,\"commentCount\":0,\"image\":{\"@id\":\"https:\\\/\\\/gesed.com\\\/index.php\\\/2024\\\/12\\\/04\\\/suspicion-dun-handicap-chez-ladulte\\\/#primaryimage\"},\"thumbnailUrl\":\"https:\\\/\\\/gesed.com\\\/wp-content\\\/uploads\\\/2024\\\/12\\\/Suspicion-handicap.jpg\",\"articleSection\":[\"News - g\u00e9n\u00e9ral\",\"Page accueil\"],\"inLanguage\":\"fr-FR\",\"potentialAction\":[{\"@type\":\"CommentAction\",\"name\":\"Comment\",\"target\":[\"https:\\\/\\\/gesed.com\\\/index.php\\\/2024\\\/12\\\/04\\\/suspicion-dun-handicap-chez-ladulte\\\/#respond\"]}]},{\"@type\":\"WebPage\",\"@id\":\"https:\\\/\\\/gesed.com\\\/index.php\\\/2024\\\/12\\\/04\\\/suspicion-dun-handicap-chez-ladulte\\\/\",\"url\":\"https:\\\/\\\/gesed.com\\\/index.php\\\/2024\\\/12\\\/04\\\/suspicion-dun-handicap-chez-ladulte\\\/\",\"name\":\"Suspicion d\u2019un handicap chez l\u2019adulte - conf\u00e9rence - Gesed\",\"isPartOf\":{\"@id\":\"https:\\\/\\\/gesed.com\\\/#website\"},\"primaryImageOfPage\":{\"@id\":\"https:\\\/\\\/gesed.com\\\/index.php\\\/2024\\\/12\\\/04\\\/suspicion-dun-handicap-chez-ladulte\\\/#primaryimage\"},\"image\":{\"@id\":\"https:\\\/\\\/gesed.com\\\/index.php\\\/2024\\\/12\\\/04\\\/suspicion-dun-handicap-chez-ladulte\\\/#primaryimage\"},\"thumbnailUrl\":\"https:\\\/\\\/gesed.com\\\/wp-content\\\/uploads\\\/2024\\\/12\\\/Suspicion-handicap.jpg\",\"datePublished\":\"2024-12-04T16:55:19+00:00\",\"dateModified\":\"2024-12-04T16:56:25+00:00\",\"author\":{\"@id\":\"https:\\\/\\\/gesed.com\\\/#\\\/schema\\\/person\\\/ac9697ce74863d13e9d8da7f532c0a6e\"},\"breadcrumb\":{\"@id\":\"https:\\\/\\\/gesed.com\\\/index.php\\\/2024\\\/12\\\/04\\\/suspicion-dun-handicap-chez-ladulte\\\/#breadcrumb\"},\"inLanguage\":\"fr-FR\",\"potentialAction\":[{\"@type\":\"ReadAction\",\"target\":[\"https:\\\/\\\/gesed.com\\\/index.php\\\/2024\\\/12\\\/04\\\/suspicion-dun-handicap-chez-ladulte\\\/\"]}]},{\"@type\":\"ImageObject\",\"inLanguage\":\"fr-FR\",\"@id\":\"https:\\\/\\\/gesed.com\\\/index.php\\\/2024\\\/12\\\/04\\\/suspicion-dun-handicap-chez-ladulte\\\/#primaryimage\",\"url\":\"https:\\\/\\\/gesed.com\\\/wp-content\\\/uploads\\\/2024\\\/12\\\/Suspicion-handicap.jpg\",\"contentUrl\":\"https:\\\/\\\/gesed.com\\\/wp-content\\\/uploads\\\/2024\\\/12\\\/Suspicion-handicap.jpg\",\"width\":395,\"height\":574},{\"@type\":\"BreadcrumbList\",\"@id\":\"https:\\\/\\\/gesed.com\\\/index.php\\\/2024\\\/12\\\/04\\\/suspicion-dun-handicap-chez-ladulte\\\/#breadcrumb\",\"itemListElement\":[{\"@type\":\"ListItem\",\"position\":1,\"name\":\"Accueil\",\"item\":\"https:\\\/\\\/gesed.com\\\/\"},{\"@type\":\"ListItem\",\"position\":2,\"name\":\"News - g\u00e9n\u00e9ral\",\"item\":\"https:\\\/\\\/gesed.com\\\/index.php\\\/category\\\/news-general\\\/\"},{\"@type\":\"ListItem\",\"position\":3,\"name\":\"Suspicion d\u2019un handicap chez l\u2019adulte &#8211; conf\u00e9rence\"}]},{\"@type\":\"WebSite\",\"@id\":\"https:\\\/\\\/gesed.com\\\/#website\",\"url\":\"https:\\\/\\\/gesed.com\\\/\",\"name\":\"Gesed\",\"description\":\"Groupe d&#039;Entraide des Syndr\u00f4mes d&#039;Ehlers-Danlos\",\"potentialAction\":[{\"@type\":\"SearchAction\",\"target\":{\"@type\":\"EntryPoint\",\"urlTemplate\":\"https:\\\/\\\/gesed.com\\\/?s={search_term_string}\"},\"query-input\":{\"@type\":\"PropertyValueSpecification\",\"valueRequired\":true,\"valueName\":\"search_term_string\"}}],\"inLanguage\":\"fr-FR\"},{\"@type\":\"Person\",\"@id\":\"https:\\\/\\\/gesed.com\\\/#\\\/schema\\\/person\\\/ac9697ce74863d13e9d8da7f532c0a6e\",\"name\":\"YloGesed\",\"image\":{\"@type\":\"ImageObject\",\"inLanguage\":\"fr-FR\",\"@id\":\"https:\\\/\\\/secure.gravatar.com\\\/avatar\\\/de729b1d67e029c80cd346c168b66d6f04504c0824ca7cbfb1c17dab473a3725?s=96&d=mm&r=g\",\"url\":\"https:\\\/\\\/secure.gravatar.com\\\/avatar\\\/de729b1d67e029c80cd346c168b66d6f04504c0824ca7cbfb1c17dab473a3725?s=96&d=mm&r=g\",\"contentUrl\":\"https:\\\/\\\/secure.gravatar.com\\\/avatar\\\/de729b1d67e029c80cd346c168b66d6f04504c0824ca7cbfb1c17dab473a3725?s=96&d=mm&r=g\",\"caption\":\"YloGesed\"},\"sameAs\":[\"https:\\\/\\\/gesed.com\"],\"url\":\"https:\\\/\\\/gesed.com\\\/index.php\\\/author\\\/admin2349\\\/\"}]}<\/script>\n<!-- \/ Yoast SEO plugin. -->","yoast_head_json":{"title":"Suspicion d\u2019un handicap chez l\u2019adulte - conf\u00e9rence - Gesed","robots":{"index":"index","follow":"follow","max-snippet":"max-snippet:-1","max-image-preview":"max-image-preview:large","max-video-preview":"max-video-preview:-1"},"canonical":"https:\/\/gesed.com\/index.php\/2024\/12\/04\/suspicion-dun-handicap-chez-ladulte\/","og_locale":"fr_FR","og_type":"article","og_title":"Suspicion d\u2019un handicap chez l\u2019adulte - conf\u00e9rence - Gesed","og_description":"Quel dialogue patients, proches et professionnels en cas de suspicion d\u2019un handicap ou d\u2019une maladie grave chez l\u2019adulte ? Cette question est au c\u0153ur de la conf\u00e9rence organis\u00e9e par la PAH en partenariat avec l\u2019Universit\u00e9 de Li\u00e8ge, le 30 janvier 2025. Un m\u00e9decin g\u00e9n\u00e9raliste, un psychiatre et une psychologue tenteront de r\u00e9pondre \u00e0 cette question, sans oublier les t\u00e9moignages d\u2019aidants-proches. Pour de plus amples informations sur la conf\u00e9rence et les inscriptions, cliquez sur le lien ci-dessoushttps:\/\/www.plateformeannoncehandicap.be\/&#8230;\/conference&#8230;\/","og_url":"https:\/\/gesed.com\/index.php\/2024\/12\/04\/suspicion-dun-handicap-chez-ladulte\/","og_site_name":"Gesed","article_publisher":"https:\/\/www.facebook.com\/gesedasbl","article_published_time":"2024-12-04T16:55:19+00:00","article_modified_time":"2024-12-04T16:56:25+00:00","og_image":[{"width":395,"height":574,"url":"https:\/\/gesed.com\/wp-content\/uploads\/2024\/12\/Suspicion-handicap.jpg","type":"image\/jpeg"}],"author":"YloGesed","twitter_card":"summary_large_image","twitter_misc":{"\u00c9crit par":"YloGesed","Dur\u00e9e de lecture estim\u00e9e":"1 minute"},"schema":{"@context":"https:\/\/schema.org","@graph":[{"@type":"Article","@id":"https:\/\/gesed.com\/index.php\/2024\/12\/04\/suspicion-dun-handicap-chez-ladulte\/#article","isPartOf":{"@id":"https:\/\/gesed.com\/index.php\/2024\/12\/04\/suspicion-dun-handicap-chez-ladulte\/"},"author":{"name":"YloGesed","@id":"https:\/\/gesed.com\/#\/schema\/person\/ac9697ce74863d13e9d8da7f532c0a6e"},"headline":"Suspicion d\u2019un handicap chez l\u2019adulte &#8211; conf\u00e9rence","datePublished":"2024-12-04T16:55:19+00:00","dateModified":"2024-12-04T16:56:25+00:00","mainEntityOfPage":{"@id":"https:\/\/gesed.com\/index.php\/2024\/12\/04\/suspicion-dun-handicap-chez-ladulte\/"},"wordCount":102,"commentCount":0,"image":{"@id":"https:\/\/gesed.com\/index.php\/2024\/12\/04\/suspicion-dun-handicap-chez-ladulte\/#primaryimage"},"thumbnailUrl":"https:\/\/gesed.com\/wp-content\/uploads\/2024\/12\/Suspicion-handicap.jpg","articleSection":["News - g\u00e9n\u00e9ral","Page accueil"],"inLanguage":"fr-FR","potentialAction":[{"@type":"CommentAction","name":"Comment","target":["https:\/\/gesed.com\/index.php\/2024\/12\/04\/suspicion-dun-handicap-chez-ladulte\/#respond"]}]},{"@type":"WebPage","@id":"https:\/\/gesed.com\/index.php\/2024\/12\/04\/suspicion-dun-handicap-chez-ladulte\/","url":"https:\/\/gesed.com\/index.php\/2024\/12\/04\/suspicion-dun-handicap-chez-ladulte\/","name":"Suspicion d\u2019un handicap chez l\u2019adulte - conf\u00e9rence - Gesed","isPartOf":{"@id":"https:\/\/gesed.com\/#website"},"primaryImageOfPage":{"@id":"https:\/\/gesed.com\/index.php\/2024\/12\/04\/suspicion-dun-handicap-chez-ladulte\/#primaryimage"},"image":{"@id":"https:\/\/gesed.com\/index.php\/2024\/12\/04\/suspicion-dun-handicap-chez-ladulte\/#primaryimage"},"thumbnailUrl":"https:\/\/gesed.com\/wp-content\/uploads\/2024\/12\/Suspicion-handicap.jpg","datePublished":"2024-12-04T16:55:19+00:00","dateModified":"2024-12-04T16:56:25+00:00","author":{"@id":"https:\/\/gesed.com\/#\/schema\/person\/ac9697ce74863d13e9d8da7f532c0a6e"},"breadcrumb":{"@id":"https:\/\/gesed.com\/index.php\/2024\/12\/04\/suspicion-dun-handicap-chez-ladulte\/#breadcrumb"},"inLanguage":"fr-FR","potentialAction":[{"@type":"ReadAction","target":["https:\/\/gesed.com\/index.php\/2024\/12\/04\/suspicion-dun-handicap-chez-ladulte\/"]}]},{"@type":"ImageObject","inLanguage":"fr-FR","@id":"https:\/\/gesed.com\/index.php\/2024\/12\/04\/suspicion-dun-handicap-chez-ladulte\/#primaryimage","url":"https:\/\/gesed.com\/wp-content\/uploads\/2024\/12\/Suspicion-handicap.jpg","contentUrl":"https:\/\/gesed.com\/wp-content\/uploads\/2024\/12\/Suspicion-handicap.jpg","width":395,"height":574},{"@type":"BreadcrumbList","@id":"https:\/\/gesed.com\/index.php\/2024\/12\/04\/suspicion-dun-handicap-chez-ladulte\/#breadcrumb","itemListElement":[{"@type":"ListItem","position":1,"name":"Accueil","item":"https:\/\/gesed.com\/"},{"@type":"ListItem","position":2,"name":"News - g\u00e9n\u00e9ral","item":"https:\/\/gesed.com\/index.php\/category\/news-general\/"},{"@type":"ListItem","position":3,"name":"Suspicion d\u2019un handicap chez l\u2019adulte &#8211; conf\u00e9rence"}]},{"@type":"WebSite","@id":"https:\/\/gesed.com\/#website","url":"https:\/\/gesed.com\/","name":"Gesed","description":"Groupe d&#039;Entraide des Syndr\u00f4mes d&#039;Ehlers-Danlos","potentialAction":[{"@type":"SearchAction","target":{"@type":"EntryPoint","urlTemplate":"https:\/\/gesed.com\/?s={search_term_string}"},"query-input":{"@type":"PropertyValueSpecification","valueRequired":true,"valueName":"search_term_string"}}],"inLanguage":"fr-FR"},{"@type":"Person","@id":"https:\/\/gesed.com\/#\/schema\/person\/ac9697ce74863d13e9d8da7f532c0a6e","name":"YloGesed","image":{"@type":"ImageObject","inLanguage":"fr-FR","@id":"https:\/\/secure.gravatar.com\/avatar\/de729b1d67e029c80cd346c168b66d6f04504c0824ca7cbfb1c17dab473a3725?s=96&d=mm&r=g","url":"https:\/\/secure.gravatar.com\/avatar\/de729b1d67e029c80cd346c168b66d6f04504c0824ca7cbfb1c17dab473a3725?s=96&d=mm&r=g","contentUrl":"https:\/\/secure.gravatar.com\/avatar\/de729b1d67e029c80cd346c168b66d6f04504c0824ca7cbfb1c17dab473a3725?s=96&d=mm&r=g","caption":"YloGesed"},"sameAs":["https:\/\/gesed.com"],"url":"https:\/\/gesed.com\/index.php\/author\/admin2349\/"}]}},"publishpress_future_action":{"enabled":false,"date":"2026-05-09 01:37:21","action":"change-status","newStatus":"draft","terms":[],"taxonomy":"category","extraData":[]},"publishpress_future_workflow_manual_trigger":{"enabledWorkflows":[]},"rttpg_featured_image_url":{"full":["https:\/\/gesed.com\/wp-content\/uploads\/2024\/12\/Suspicion-handicap.jpg",395,574,false],"landscape":["https:\/\/gesed.com\/wp-content\/uploads\/2024\/12\/Suspicion-handicap.jpg",395,574,false],"portraits":["https:\/\/gesed.com\/wp-content\/uploads\/2024\/12\/Suspicion-handicap.jpg",395,574,false],"thumbnail":["https:\/\/gesed.com\/wp-content\/uploads\/2024\/12\/Suspicion-handicap-150x150.jpg",150,150,true],"medium":["https:\/\/gesed.com\/wp-content\/uploads\/2024\/12\/Suspicion-handicap-206x300.jpg",206,300,true],"large":["https:\/\/gesed.com\/wp-content\/uploads\/2024\/12\/Suspicion-handicap.jpg",395,574,false],"thumblist":["https:\/\/gesed.com\/wp-content\/uploads\/2024\/12\/Suspicion-handicap-300x300.jpg",300,300,true],"thumbrelated":["https:\/\/gesed.com\/wp-content\/uploads\/2024\/12\/Suspicion-handicap-395x500.jpg",395,500,true],"meccarouselthumb":["https:\/\/gesed.com\/wp-content\/uploads\/2024\/12\/Suspicion-handicap-395x324.jpg",395,324,true],"gridsquare":["https:\/\/gesed.com\/wp-content\/uploads\/2024\/12\/Suspicion-handicap-391x260.jpg",391,260,true],"tileview":["https:\/\/gesed.com\/wp-content\/uploads\/2024\/12\/Suspicion-handicap-300x400.jpg",300,400,true],"1536x1536":["https:\/\/gesed.com\/wp-content\/uploads\/2024\/12\/Suspicion-handicap.jpg",395,574,false],"2048x2048":["https:\/\/gesed.com\/wp-content\/uploads\/2024\/12\/Suspicion-handicap.jpg",395,574,false],"ocean-thumb-m":["https:\/\/gesed.com\/wp-content\/uploads\/2024\/12\/Suspicion-handicap.jpg",395,574,false],"ocean-thumb-ml":["https:\/\/gesed.com\/wp-content\/uploads\/2024\/12\/Suspicion-handicap-395x450.jpg",395,450,true],"ocean-thumb-l":["https:\/\/gesed.com\/wp-content\/uploads\/2024\/12\/Suspicion-handicap.jpg",395,574,false],"ultp_layout_landscape_large":["https:\/\/gesed.com\/wp-content\/uploads\/2024\/12\/Suspicion-handicap.jpg",395,574,false],"ultp_layout_landscape":["https:\/\/gesed.com\/wp-content\/uploads\/2024\/12\/Suspicion-handicap-395x570.jpg",395,570,true],"ultp_layout_portrait":["https:\/\/gesed.com\/wp-content\/uploads\/2024\/12\/Suspicion-handicap.jpg",395,574,false],"ultp_layout_square":["https:\/\/gesed.com\/wp-content\/uploads\/2024\/12\/Suspicion-handicap.jpg",395,574,false]},"rttpg_author":{"display_name":"YloGesed","author_link":"https:\/\/gesed.com\/index.php\/author\/admin2349\/"},"rttpg_comment":0,"rttpg_category":"<a href=\"https:\/\/gesed.com\/index.php\/category\/news-general\/\" rel=\"category tag\">News - g\u00e9n\u00e9ral<\/a> <a href=\"https:\/\/gesed.com\/index.php\/category\/page-accueil\/\" rel=\"category tag\">Page accueil<\/a>","rttpg_excerpt":"Quel dialogue patients, proches et professionnels en cas de suspicion d\u2019un handicap ou d\u2019une maladie grave chez l\u2019adulte ? Cette question est au c\u0153ur de la conf\u00e9rence organis\u00e9e par la PAH en partenariat avec l\u2019Universit\u00e9 de Li\u00e8ge, le 30 janvier 2025. Un m\u00e9decin g\u00e9n\u00e9raliste, un psychiatre et une psychologue tenteront de r\u00e9pondre \u00e0 cette question,\u2026","_links":{"self":[{"href":"https:\/\/gesed.com\/index.php\/wp-json\/wp\/v2\/posts\/6569","targetHints":{"allow":["GET"]}}],"collection":[{"href":"https:\/\/gesed.com\/index.php\/wp-json\/wp\/v2\/posts"}],"about":[{"href":"https:\/\/gesed.com\/index.php\/wp-json\/wp\/v2\/types\/post"}],"author":[{"embeddable":true,"href":"https:\/\/gesed.com\/index.php\/wp-json\/wp\/v2\/users\/1"}],"replies":[{"embeddable":true,"href":"https:\/\/gesed.com\/index.php\/wp-json\/wp\/v2\/comments?post=6569"}],"version-history":[{"count":2,"href":"https:\/\/gesed.com\/index.php\/wp-json\/wp\/v2\/posts\/6569\/revisions"}],"predecessor-version":[{"id":6572,"href":"https:\/\/gesed.com\/index.php\/wp-json\/wp\/v2\/posts\/6569\/revisions\/6572"}],"wp:featuredmedia":[{"embeddable":true,"href":"https:\/\/gesed.com\/index.php\/wp-json\/wp\/v2\/media\/6570"}],"wp:attachment":[{"href":"https:\/\/gesed.com\/index.php\/wp-json\/wp\/v2\/media?parent=6569"}],"wp:term":[{"taxonomy":"category","embeddable":true,"href":"https:\/\/gesed.com\/index.php\/wp-json\/wp\/v2\/categories?post=6569"},{"taxonomy":"post_tag","embeddable":true,"href":"https:\/\/gesed.com\/index.php\/wp-json\/wp\/v2\/tags?post=6569"}],"curies":[{"name":"wp","href":"https:\/\/api.w.org\/{rel}","templated":true}]}}