{"id":7285,"date":"2026-01-24T17:12:44","date_gmt":"2026-01-24T16:12:44","guid":{"rendered":"https:\/\/gesed.com\/?p=7285"},"modified":"2026-01-25T11:45:21","modified_gmt":"2026-01-25T10:45:21","slug":"journee-des-maladies-rares-le-28-02-2026","status":"publish","type":"post","link":"https:\/\/gesed.com\/index.php\/2026\/01\/24\/journee-des-maladies-rares-le-28-02-2026\/","title":{"rendered":"Journ\u00e9e des maladies rares &#8211; le 28\/02\/2026"},"content":{"rendered":"\t\t<div data-elementor-type=\"wp-post\" data-elementor-id=\"7285\" class=\"elementor elementor-7285\" wpc-filter-elementor-widget=\"1\">\n\t\t\t\t<div class=\"elementor-element elementor-element-528098b4 e-flex e-con-boxed wpr-particle-no wpr-jarallax-no wpr-parallax-no wpr-sticky-section-no wpr-equal-height-no e-con e-parent\" data-id=\"528098b4\" data-element_type=\"container\" data-e-type=\"container\">\n\t\t\t\t\t<div class=\"e-con-inner\">\n\t\t<div class=\"elementor-element elementor-element-fbe67c0 e-grid e-con-full wpr-particle-no wpr-jarallax-no wpr-parallax-no wpr-sticky-section-no wpr-equal-height-no e-con e-child\" data-id=\"fbe67c0\" data-element_type=\"container\" data-e-type=\"container\">\n\t\t\t\t<div class=\"elementor-element elementor-element-c4948fe exad-sticky-section-no exad-glass-effect-no elementor-widget elementor-widget-image\" data-id=\"c4948fe\" data-element_type=\"widget\" data-e-type=\"widget\" data-widget_type=\"image.default\">\n\t\t\t\t<div class=\"elementor-widget-container\">\n\t\t\t\t\t\t\t\t\t\t\t\t\t\t\t<img fetchpriority=\"high\" decoding=\"async\" width=\"363\" height=\"421\" src=\"https:\/\/gesed.com\/wp-content\/uploads\/2026\/01\/Capture-decran-2026-01-24-170541.jpg\" class=\"attachment-large size-large wp-image-7286\" alt=\"\" srcset=\"https:\/\/gesed.com\/wp-content\/uploads\/2026\/01\/Capture-decran-2026-01-24-170541.jpg 363w, https:\/\/gesed.com\/wp-content\/uploads\/2026\/01\/Capture-decran-2026-01-24-170541-259x300.jpg 259w\" sizes=\"(max-width: 363px) 100vw, 363px\" \/>\t\t\t\t\t\t\t\t\t\t\t\t\t\t\t<\/div>\n\t\t\t\t<\/div>\n\t\t\t\t<div class=\"elementor-element elementor-element-1e911b3 exad-sticky-section-no exad-glass-effect-no elementor-widget elementor-widget-text-editor\" data-id=\"1e911b3\" data-element_type=\"widget\" data-e-type=\"widget\" data-widget_type=\"text-editor.default\">\n\t\t\t\t<div class=\"elementor-widget-container\">\n\t\t\t\t\t\t\t\t\t<div><p><span data-olk-copy-source=\"MessageBody\">L&rsquo;objectif est de sensibiliser davantage aux probl\u00e8mes sp\u00e9cifiques des maladies rares.\u00a0 Les actions s&rsquo;adressent au grand public, mais tout aussi bien aux m\u00e9decins et prestataires de soins, aux patients et associations, qu&rsquo;aux d\u00e9cideurs politiques et politiques, etc. <\/span><\/p><p><span data-olk-copy-source=\"MessageBody\">RaDiOrg organise la campagne belge.<\/span><\/p><\/div><div><p>\u00ab\u00a0Rare mais nombreux\u00a0\u00bb, c\u2019est le th\u00e8me de la campagne pour la journ\u00e9e des maladies rares.\u00a0Rien qu\u2019en Belgique, cela repr\u00e9sente\u00a0plus d\u2019un demi-million de personnes. Les personnes vivant avec une maladie rare ne sont donc pas si rares que \u00e7a !<\/p><p>En participant \u00e0 la campagne, vous montrez votre soutien aux personnes atteintes d\u2019une maladie rare.\u00a0<\/p><p>Que pouvez-vous faire ?\u00a0\u00a0Voici de quoi vous y aider :\u00a0<a title=\"https:\/\/www.radiorg.be\/fr\/a-propos\/rare-disease-day\/\" href=\"https:\/\/www.radiorg.be\/fr\/a-propos\/rare-disease-day\/\" data-auth=\"NotApplicable\" data-linkindex=\"0\">https:\/\/www.radiorg.be\/fr\/a-propos\/rare-disease-day\/<\/a>\u00a0\u00a0<a title=\"https:\/\/www.rarediseaseday.be\/raresensemble\/\" href=\"https:\/\/www.rarediseaseday.be\/raresensemble\/\" data-auth=\"NotApplicable\" data-linkindex=\"1\">https:\/\/www.rarediseaseday.be\/raresensemble\/<\/a><\/p><\/div>\t\t\t\t\t\t\t\t<\/div>\n\t\t\t\t<\/div>\n\t\t\t\t<\/div>\n\t\t\t\t\t<\/div>\n\t\t\t\t<\/div>\n\t\t<div class=\"elementor-element elementor-element-0e12498 e-flex e-con-boxed wpr-particle-no wpr-jarallax-no wpr-parallax-no wpr-sticky-section-no wpr-equal-height-no e-con e-parent\" data-id=\"0e12498\" data-element_type=\"container\" data-e-type=\"container\">\n\t\t\t\t\t<div class=\"e-con-inner\">\n\t\t\t\t<div class=\"elementor-element elementor-element-f44f179 exad-sticky-section-no exad-glass-effect-no elementor-widget elementor-widget-image\" data-id=\"f44f179\" data-element_type=\"widget\" data-e-type=\"widget\" data-widget_type=\"image.default\">\n\t\t\t\t<div class=\"elementor-widget-container\">\n\t\t\t\t\t\t\t\t\t\t\t\t\t\t\t<img decoding=\"async\" width=\"1024\" height=\"346\" src=\"https:\/\/gesed.com\/wp-content\/uploads\/2026\/01\/YLO6924-HD-2-1024x346.jpg\" class=\"attachment-large size-large wp-image-7327\" alt=\"\" srcset=\"https:\/\/gesed.com\/wp-content\/uploads\/2026\/01\/YLO6924-HD-2-1024x346.jpg 1024w, https:\/\/gesed.com\/wp-content\/uploads\/2026\/01\/YLO6924-HD-2-300x101.jpg 300w, https:\/\/gesed.com\/wp-content\/uploads\/2026\/01\/YLO6924-HD-2-768x260.jpg 768w, https:\/\/gesed.com\/wp-content\/uploads\/2026\/01\/YLO6924-HD-2-1536x519.jpg 1536w, https:\/\/gesed.com\/wp-content\/uploads\/2026\/01\/YLO6924-HD-2.jpg 2000w\" sizes=\"(max-width: 1024px) 100vw, 1024px\" \/>\t\t\t\t\t\t\t\t\t\t\t\t\t\t\t<\/div>\n\t\t\t\t<\/div>\n\t\t<div class=\"elementor-element elementor-element-8e65239 e-con-full e-flex wpr-particle-no wpr-jarallax-no wpr-parallax-no wpr-sticky-section-no wpr-equal-height-no e-con e-child\" data-id=\"8e65239\" data-element_type=\"container\" data-e-type=\"container\">\n\t\t\t\t<div class=\"elementor-element elementor-element-8606454 exad-sticky-section-no exad-glass-effect-no elementor-widget elementor-widget-spacer\" data-id=\"8606454\" data-element_type=\"widget\" data-e-type=\"widget\" data-widget_type=\"spacer.default\">\n\t\t\t\t<div class=\"elementor-widget-container\">\n\t\t\t\t\t\t\t<div class=\"elementor-spacer\">\n\t\t\t<div class=\"elementor-spacer-inner\"><\/div>\n\t\t<\/div>\n\t\t\t\t\t\t<\/div>\n\t\t\t\t<\/div>\n\t\t\t\t<\/div>\n\t\t\t\t\t<\/div>\n\t\t\t\t<\/div>\n\t\t\t\t<\/div>\n\t\t","protected":false},"excerpt":{"rendered":"<p>L&rsquo;objectif est de sensibiliser davantage aux probl\u00e8mes sp\u00e9cifiques des maladies rares.\u00a0 Les actions s&rsquo;adressent au grand public, mais tout aussi bien aux m\u00e9decins et prestataires de soins, aux patients et associations, qu&rsquo;aux d\u00e9cideurs politiques et politiques, etc. RaDiOrg organise la campagne belge. \u00ab\u00a0Rare mais nombreux\u00a0\u00bb, c\u2019est le th\u00e8me de la campagne pour la journ\u00e9e des maladies rares.\u00a0Rien qu\u2019en Belgique, cela repr\u00e9sente\u00a0plus d\u2019un demi-million de personnes. Les personnes vivant avec une maladie rare ne sont donc pas si rares que \u00e7a ! En participant \u00e0 la campagne, vous montrez votre soutien aux personnes atteintes d\u2019une maladie rare.\u00a0 Que pouvez-vous faire ?\u00a0\u00a0Voici de quoi vous y aider :\u00a0https:\/\/www.radiorg.be\/fr\/a-propos\/rare-disease-day\/\u00a0\u00a0https:\/\/www.rarediseaseday.be\/raresensemble\/<\/p>\n","protected":false},"author":1,"featured_media":7286,"comment_status":"open","ping_status":"open","sticky":false,"template":"","format":"standard","meta":{"ocean_post_layout":"","ocean_both_sidebars_style":"","ocean_both_sidebars_content_width":0,"ocean_both_sidebars_sidebars_width":0,"ocean_sidebar":"","ocean_second_sidebar":"","ocean_disable_margins":"enable","ocean_add_body_class":"","ocean_shortcode_before_top_bar":"","ocean_shortcode_after_top_bar":"","ocean_shortcode_before_header":"","ocean_shortcode_after_header":"","ocean_has_shortcode":"","ocean_shortcode_after_title":"","ocean_shortcode_before_footer_widgets":"","ocean_shortcode_after_footer_widgets":"","ocean_shortcode_before_footer_bottom":"","ocean_shortcode_after_footer_bottom":"","ocean_display_top_bar":"default","ocean_display_header":"default","ocean_header_style":"","ocean_center_header_left_menu":"","ocean_custom_header_template":"","ocean_custom_logo":0,"ocean_custom_retina_logo":0,"ocean_custom_logo_max_width":0,"ocean_custom_logo_tablet_max_width":0,"ocean_custom_logo_mobile_max_width":0,"ocean_custom_logo_max_height":0,"ocean_custom_logo_tablet_max_height":0,"ocean_custom_logo_mobile_max_height":0,"ocean_header_custom_menu":"","ocean_menu_typo_font_family":"","ocean_menu_typo_font_subset":"","ocean_menu_typo_font_size":0,"ocean_menu_typo_font_size_tablet":0,"ocean_menu_typo_font_size_mobile":0,"ocean_menu_typo_font_size_unit":"px","ocean_menu_typo_font_weight":"","ocean_menu_typo_font_weight_tablet":"","ocean_menu_typo_font_weight_mobile":"","ocean_menu_typo_transform":"","ocean_menu_typo_transform_tablet":"","ocean_menu_typo_transform_mobile":"","ocean_menu_typo_line_height":0,"ocean_menu_typo_line_height_tablet":0,"ocean_menu_typo_line_height_mobile":0,"ocean_menu_typo_line_height_unit":"","ocean_menu_typo_spacing":0,"ocean_menu_typo_spacing_tablet":0,"ocean_menu_typo_spacing_mobile":0,"ocean_menu_typo_spacing_unit":"","ocean_menu_link_color":"","ocean_menu_link_color_hover":"","ocean_menu_link_color_active":"","ocean_menu_link_background":"","ocean_menu_link_hover_background":"","ocean_menu_link_active_background":"","ocean_menu_social_links_bg":"","ocean_menu_social_hover_links_bg":"","ocean_menu_social_links_color":"","ocean_menu_social_hover_links_color":"","ocean_disable_title":"default","ocean_disable_heading":"default","ocean_post_title":"","ocean_post_subheading":"","ocean_post_title_style":"","ocean_post_title_background_color":"","ocean_post_title_background":0,"ocean_post_title_bg_image_position":"","ocean_post_title_bg_image_attachment":"","ocean_post_title_bg_image_repeat":"","ocean_post_title_bg_image_size":"","ocean_post_title_height":0,"ocean_post_title_bg_overlay":0.5,"ocean_post_title_bg_overlay_color":"","ocean_disable_breadcrumbs":"default","ocean_breadcrumbs_color":"","ocean_breadcrumbs_separator_color":"","ocean_breadcrumbs_links_color":"","ocean_breadcrumbs_links_hover_color":"","ocean_display_footer_widgets":"default","ocean_display_footer_bottom":"default","ocean_custom_footer_template":"","ocean_post_oembed":"","ocean_post_self_hosted_media":"","ocean_post_video_embed":"","ocean_link_format":"","ocean_link_format_target":"self","ocean_quote_format":"","ocean_quote_format_link":"post","ocean_gallery_link_images":"on","ocean_gallery_id":[],"footnotes":""},"categories":[18,1,39],"tags":[],"class_list":["post-7285","post","type-post","status-publish","format-standard","has-post-thumbnail","hentry","category-news-general","category-non-classe","category-page-accueil","entry","has-media"],"yoast_head":"<!-- This site is optimized with the Yoast SEO plugin v27.4 - https:\/\/yoast.com\/product\/yoast-seo-wordpress\/ -->\n<title>Journ\u00e9e des maladies rares - le 28\/02\/2026 - Gesed<\/title>\n<meta name=\"robots\" content=\"index, follow, max-snippet:-1, max-image-preview:large, max-video-preview:-1\" \/>\n<link rel=\"canonical\" href=\"https:\/\/gesed.com\/index.php\/2026\/01\/24\/journee-des-maladies-rares-le-28-02-2026\/\" \/>\n<meta property=\"og:locale\" content=\"fr_FR\" \/>\n<meta property=\"og:type\" content=\"article\" \/>\n<meta property=\"og:title\" content=\"Journ\u00e9e des maladies rares - le 28\/02\/2026 - Gesed\" \/>\n<meta property=\"og:description\" content=\"L&rsquo;objectif est de sensibiliser davantage aux probl\u00e8mes sp\u00e9cifiques des maladies rares.\u00a0 Les actions s&rsquo;adressent au grand public, mais tout aussi bien aux m\u00e9decins et prestataires de soins, aux patients et associations, qu&rsquo;aux d\u00e9cideurs politiques et politiques, etc. RaDiOrg organise la campagne belge. \u00ab\u00a0Rare mais nombreux\u00a0\u00bb, c\u2019est le th\u00e8me de la campagne pour la journ\u00e9e des maladies rares.\u00a0Rien qu\u2019en Belgique, cela repr\u00e9sente\u00a0plus d\u2019un demi-million de personnes. Les personnes vivant avec une maladie rare ne sont donc pas si rares que \u00e7a ! En participant \u00e0 la campagne, vous montrez votre soutien aux personnes atteintes d\u2019une maladie rare.\u00a0 Que pouvez-vous faire ?\u00a0\u00a0Voici de quoi vous y aider :\u00a0https:\/\/www.radiorg.be\/fr\/a-propos\/rare-disease-day\/\u00a0\u00a0https:\/\/www.rarediseaseday.be\/raresensemble\/\" \/>\n<meta property=\"og:url\" content=\"https:\/\/gesed.com\/index.php\/2026\/01\/24\/journee-des-maladies-rares-le-28-02-2026\/\" \/>\n<meta property=\"og:site_name\" content=\"Gesed\" \/>\n<meta property=\"article:publisher\" content=\"https:\/\/www.facebook.com\/gesedasbl\" \/>\n<meta property=\"article:published_time\" content=\"2026-01-24T16:12:44+00:00\" \/>\n<meta property=\"article:modified_time\" content=\"2026-01-25T10:45:21+00:00\" \/>\n<meta property=\"og:image\" content=\"https:\/\/gesed.com\/wp-content\/uploads\/2026\/01\/Capture-decran-2026-01-24-170541.jpg\" \/>\n\t<meta property=\"og:image:width\" content=\"363\" \/>\n\t<meta property=\"og:image:height\" content=\"421\" \/>\n\t<meta property=\"og:image:type\" content=\"image\/jpeg\" \/>\n<meta name=\"author\" content=\"YloGesed\" \/>\n<meta name=\"twitter:card\" content=\"summary_large_image\" \/>\n<meta name=\"twitter:label1\" content=\"\u00c9crit par\" \/>\n\t<meta name=\"twitter:data1\" content=\"YloGesed\" \/>\n\t<meta name=\"twitter:label2\" content=\"Dur\u00e9e de lecture estim\u00e9e\" \/>\n\t<meta name=\"twitter:data2\" content=\"1 minute\" \/>\n<script type=\"application\/ld+json\" class=\"yoast-schema-graph\">{\"@context\":\"https:\\\/\\\/schema.org\",\"@graph\":[{\"@type\":\"Article\",\"@id\":\"https:\\\/\\\/gesed.com\\\/index.php\\\/2026\\\/01\\\/24\\\/journee-des-maladies-rares-le-28-02-2026\\\/#article\",\"isPartOf\":{\"@id\":\"https:\\\/\\\/gesed.com\\\/index.php\\\/2026\\\/01\\\/24\\\/journee-des-maladies-rares-le-28-02-2026\\\/\"},\"author\":{\"name\":\"YloGesed\",\"@id\":\"https:\\\/\\\/gesed.com\\\/#\\\/schema\\\/person\\\/ac9697ce74863d13e9d8da7f532c0a6e\"},\"headline\":\"Journ\u00e9e des maladies rares &#8211; le 28\\\/02\\\/2026\",\"datePublished\":\"2026-01-24T16:12:44+00:00\",\"dateModified\":\"2026-01-25T10:45:21+00:00\",\"mainEntityOfPage\":{\"@id\":\"https:\\\/\\\/gesed.com\\\/index.php\\\/2026\\\/01\\\/24\\\/journee-des-maladies-rares-le-28-02-2026\\\/\"},\"wordCount\":138,\"commentCount\":0,\"image\":{\"@id\":\"https:\\\/\\\/gesed.com\\\/index.php\\\/2026\\\/01\\\/24\\\/journee-des-maladies-rares-le-28-02-2026\\\/#primaryimage\"},\"thumbnailUrl\":\"https:\\\/\\\/gesed.com\\\/wp-content\\\/uploads\\\/2026\\\/01\\\/Capture-decran-2026-01-24-170541.jpg\",\"articleSection\":{\"0\":\"News - g\u00e9n\u00e9ral\",\"2\":\"Page accueil\"},\"inLanguage\":\"fr-FR\",\"potentialAction\":[{\"@type\":\"CommentAction\",\"name\":\"Comment\",\"target\":[\"https:\\\/\\\/gesed.com\\\/index.php\\\/2026\\\/01\\\/24\\\/journee-des-maladies-rares-le-28-02-2026\\\/#respond\"]}]},{\"@type\":\"WebPage\",\"@id\":\"https:\\\/\\\/gesed.com\\\/index.php\\\/2026\\\/01\\\/24\\\/journee-des-maladies-rares-le-28-02-2026\\\/\",\"url\":\"https:\\\/\\\/gesed.com\\\/index.php\\\/2026\\\/01\\\/24\\\/journee-des-maladies-rares-le-28-02-2026\\\/\",\"name\":\"Journ\u00e9e des maladies rares - le 28\\\/02\\\/2026 - Gesed\",\"isPartOf\":{\"@id\":\"https:\\\/\\\/gesed.com\\\/#website\"},\"primaryImageOfPage\":{\"@id\":\"https:\\\/\\\/gesed.com\\\/index.php\\\/2026\\\/01\\\/24\\\/journee-des-maladies-rares-le-28-02-2026\\\/#primaryimage\"},\"image\":{\"@id\":\"https:\\\/\\\/gesed.com\\\/index.php\\\/2026\\\/01\\\/24\\\/journee-des-maladies-rares-le-28-02-2026\\\/#primaryimage\"},\"thumbnailUrl\":\"https:\\\/\\\/gesed.com\\\/wp-content\\\/uploads\\\/2026\\\/01\\\/Capture-decran-2026-01-24-170541.jpg\",\"datePublished\":\"2026-01-24T16:12:44+00:00\",\"dateModified\":\"2026-01-25T10:45:21+00:00\",\"author\":{\"@id\":\"https:\\\/\\\/gesed.com\\\/#\\\/schema\\\/person\\\/ac9697ce74863d13e9d8da7f532c0a6e\"},\"breadcrumb\":{\"@id\":\"https:\\\/\\\/gesed.com\\\/index.php\\\/2026\\\/01\\\/24\\\/journee-des-maladies-rares-le-28-02-2026\\\/#breadcrumb\"},\"inLanguage\":\"fr-FR\",\"potentialAction\":[{\"@type\":\"ReadAction\",\"target\":[\"https:\\\/\\\/gesed.com\\\/index.php\\\/2026\\\/01\\\/24\\\/journee-des-maladies-rares-le-28-02-2026\\\/\"]}]},{\"@type\":\"ImageObject\",\"inLanguage\":\"fr-FR\",\"@id\":\"https:\\\/\\\/gesed.com\\\/index.php\\\/2026\\\/01\\\/24\\\/journee-des-maladies-rares-le-28-02-2026\\\/#primaryimage\",\"url\":\"https:\\\/\\\/gesed.com\\\/wp-content\\\/uploads\\\/2026\\\/01\\\/Capture-decran-2026-01-24-170541.jpg\",\"contentUrl\":\"https:\\\/\\\/gesed.com\\\/wp-content\\\/uploads\\\/2026\\\/01\\\/Capture-decran-2026-01-24-170541.jpg\",\"width\":363,\"height\":421},{\"@type\":\"BreadcrumbList\",\"@id\":\"https:\\\/\\\/gesed.com\\\/index.php\\\/2026\\\/01\\\/24\\\/journee-des-maladies-rares-le-28-02-2026\\\/#breadcrumb\",\"itemListElement\":[{\"@type\":\"ListItem\",\"position\":1,\"name\":\"Accueil\",\"item\":\"https:\\\/\\\/gesed.com\\\/\"},{\"@type\":\"ListItem\",\"position\":2,\"name\":\"Non class\u00e9\",\"item\":\"https:\\\/\\\/gesed.com\\\/index.php\\\/category\\\/non-classe\\\/\"},{\"@type\":\"ListItem\",\"position\":3,\"name\":\"Journ\u00e9e des maladies rares &#8211; le 28\\\/02\\\/2026\"}]},{\"@type\":\"WebSite\",\"@id\":\"https:\\\/\\\/gesed.com\\\/#website\",\"url\":\"https:\\\/\\\/gesed.com\\\/\",\"name\":\"Gesed\",\"description\":\"Groupe d&#039;Entraide des Syndr\u00f4mes d&#039;Ehlers-Danlos\",\"potentialAction\":[{\"@type\":\"SearchAction\",\"target\":{\"@type\":\"EntryPoint\",\"urlTemplate\":\"https:\\\/\\\/gesed.com\\\/?s={search_term_string}\"},\"query-input\":{\"@type\":\"PropertyValueSpecification\",\"valueRequired\":true,\"valueName\":\"search_term_string\"}}],\"inLanguage\":\"fr-FR\"},{\"@type\":\"Person\",\"@id\":\"https:\\\/\\\/gesed.com\\\/#\\\/schema\\\/person\\\/ac9697ce74863d13e9d8da7f532c0a6e\",\"name\":\"YloGesed\",\"image\":{\"@type\":\"ImageObject\",\"inLanguage\":\"fr-FR\",\"@id\":\"https:\\\/\\\/secure.gravatar.com\\\/avatar\\\/de729b1d67e029c80cd346c168b66d6f04504c0824ca7cbfb1c17dab473a3725?s=96&d=mm&r=g\",\"url\":\"https:\\\/\\\/secure.gravatar.com\\\/avatar\\\/de729b1d67e029c80cd346c168b66d6f04504c0824ca7cbfb1c17dab473a3725?s=96&d=mm&r=g\",\"contentUrl\":\"https:\\\/\\\/secure.gravatar.com\\\/avatar\\\/de729b1d67e029c80cd346c168b66d6f04504c0824ca7cbfb1c17dab473a3725?s=96&d=mm&r=g\",\"caption\":\"YloGesed\"},\"sameAs\":[\"https:\\\/\\\/gesed.com\"],\"url\":\"https:\\\/\\\/gesed.com\\\/index.php\\\/author\\\/admin2349\\\/\"}]}<\/script>\n<!-- \/ Yoast SEO plugin. -->","yoast_head_json":{"title":"Journ\u00e9e des maladies rares - le 28\/02\/2026 - Gesed","robots":{"index":"index","follow":"follow","max-snippet":"max-snippet:-1","max-image-preview":"max-image-preview:large","max-video-preview":"max-video-preview:-1"},"canonical":"https:\/\/gesed.com\/index.php\/2026\/01\/24\/journee-des-maladies-rares-le-28-02-2026\/","og_locale":"fr_FR","og_type":"article","og_title":"Journ\u00e9e des maladies rares - le 28\/02\/2026 - Gesed","og_description":"L&rsquo;objectif est de sensibiliser davantage aux probl\u00e8mes sp\u00e9cifiques des maladies rares.\u00a0 Les actions s&rsquo;adressent au grand public, mais tout aussi bien aux m\u00e9decins et prestataires de soins, aux patients et associations, qu&rsquo;aux d\u00e9cideurs politiques et politiques, etc. RaDiOrg organise la campagne belge. \u00ab\u00a0Rare mais nombreux\u00a0\u00bb, c\u2019est le th\u00e8me de la campagne pour la journ\u00e9e des maladies rares.\u00a0Rien qu\u2019en Belgique, cela repr\u00e9sente\u00a0plus d\u2019un demi-million de personnes. Les personnes vivant avec une maladie rare ne sont donc pas si rares que \u00e7a ! En participant \u00e0 la campagne, vous montrez votre soutien aux personnes atteintes d\u2019une maladie rare.\u00a0 Que pouvez-vous faire ?\u00a0\u00a0Voici de quoi vous y aider :\u00a0https:\/\/www.radiorg.be\/fr\/a-propos\/rare-disease-day\/\u00a0\u00a0https:\/\/www.rarediseaseday.be\/raresensemble\/","og_url":"https:\/\/gesed.com\/index.php\/2026\/01\/24\/journee-des-maladies-rares-le-28-02-2026\/","og_site_name":"Gesed","article_publisher":"https:\/\/www.facebook.com\/gesedasbl","article_published_time":"2026-01-24T16:12:44+00:00","article_modified_time":"2026-01-25T10:45:21+00:00","og_image":[{"width":363,"height":421,"url":"https:\/\/gesed.com\/wp-content\/uploads\/2026\/01\/Capture-decran-2026-01-24-170541.jpg","type":"image\/jpeg"}],"author":"YloGesed","twitter_card":"summary_large_image","twitter_misc":{"\u00c9crit par":"YloGesed","Dur\u00e9e de lecture estim\u00e9e":"1 minute"},"schema":{"@context":"https:\/\/schema.org","@graph":[{"@type":"Article","@id":"https:\/\/gesed.com\/index.php\/2026\/01\/24\/journee-des-maladies-rares-le-28-02-2026\/#article","isPartOf":{"@id":"https:\/\/gesed.com\/index.php\/2026\/01\/24\/journee-des-maladies-rares-le-28-02-2026\/"},"author":{"name":"YloGesed","@id":"https:\/\/gesed.com\/#\/schema\/person\/ac9697ce74863d13e9d8da7f532c0a6e"},"headline":"Journ\u00e9e des maladies rares &#8211; le 28\/02\/2026","datePublished":"2026-01-24T16:12:44+00:00","dateModified":"2026-01-25T10:45:21+00:00","mainEntityOfPage":{"@id":"https:\/\/gesed.com\/index.php\/2026\/01\/24\/journee-des-maladies-rares-le-28-02-2026\/"},"wordCount":138,"commentCount":0,"image":{"@id":"https:\/\/gesed.com\/index.php\/2026\/01\/24\/journee-des-maladies-rares-le-28-02-2026\/#primaryimage"},"thumbnailUrl":"https:\/\/gesed.com\/wp-content\/uploads\/2026\/01\/Capture-decran-2026-01-24-170541.jpg","articleSection":{"0":"News - g\u00e9n\u00e9ral","2":"Page accueil"},"inLanguage":"fr-FR","potentialAction":[{"@type":"CommentAction","name":"Comment","target":["https:\/\/gesed.com\/index.php\/2026\/01\/24\/journee-des-maladies-rares-le-28-02-2026\/#respond"]}]},{"@type":"WebPage","@id":"https:\/\/gesed.com\/index.php\/2026\/01\/24\/journee-des-maladies-rares-le-28-02-2026\/","url":"https:\/\/gesed.com\/index.php\/2026\/01\/24\/journee-des-maladies-rares-le-28-02-2026\/","name":"Journ\u00e9e des maladies rares - le 28\/02\/2026 - Gesed","isPartOf":{"@id":"https:\/\/gesed.com\/#website"},"primaryImageOfPage":{"@id":"https:\/\/gesed.com\/index.php\/2026\/01\/24\/journee-des-maladies-rares-le-28-02-2026\/#primaryimage"},"image":{"@id":"https:\/\/gesed.com\/index.php\/2026\/01\/24\/journee-des-maladies-rares-le-28-02-2026\/#primaryimage"},"thumbnailUrl":"https:\/\/gesed.com\/wp-content\/uploads\/2026\/01\/Capture-decran-2026-01-24-170541.jpg","datePublished":"2026-01-24T16:12:44+00:00","dateModified":"2026-01-25T10:45:21+00:00","author":{"@id":"https:\/\/gesed.com\/#\/schema\/person\/ac9697ce74863d13e9d8da7f532c0a6e"},"breadcrumb":{"@id":"https:\/\/gesed.com\/index.php\/2026\/01\/24\/journee-des-maladies-rares-le-28-02-2026\/#breadcrumb"},"inLanguage":"fr-FR","potentialAction":[{"@type":"ReadAction","target":["https:\/\/gesed.com\/index.php\/2026\/01\/24\/journee-des-maladies-rares-le-28-02-2026\/"]}]},{"@type":"ImageObject","inLanguage":"fr-FR","@id":"https:\/\/gesed.com\/index.php\/2026\/01\/24\/journee-des-maladies-rares-le-28-02-2026\/#primaryimage","url":"https:\/\/gesed.com\/wp-content\/uploads\/2026\/01\/Capture-decran-2026-01-24-170541.jpg","contentUrl":"https:\/\/gesed.com\/wp-content\/uploads\/2026\/01\/Capture-decran-2026-01-24-170541.jpg","width":363,"height":421},{"@type":"BreadcrumbList","@id":"https:\/\/gesed.com\/index.php\/2026\/01\/24\/journee-des-maladies-rares-le-28-02-2026\/#breadcrumb","itemListElement":[{"@type":"ListItem","position":1,"name":"Accueil","item":"https:\/\/gesed.com\/"},{"@type":"ListItem","position":2,"name":"Non class\u00e9","item":"https:\/\/gesed.com\/index.php\/category\/non-classe\/"},{"@type":"ListItem","position":3,"name":"Journ\u00e9e des maladies rares &#8211; le 28\/02\/2026"}]},{"@type":"WebSite","@id":"https:\/\/gesed.com\/#website","url":"https:\/\/gesed.com\/","name":"Gesed","description":"Groupe d&#039;Entraide des Syndr\u00f4mes d&#039;Ehlers-Danlos","potentialAction":[{"@type":"SearchAction","target":{"@type":"EntryPoint","urlTemplate":"https:\/\/gesed.com\/?s={search_term_string}"},"query-input":{"@type":"PropertyValueSpecification","valueRequired":true,"valueName":"search_term_string"}}],"inLanguage":"fr-FR"},{"@type":"Person","@id":"https:\/\/gesed.com\/#\/schema\/person\/ac9697ce74863d13e9d8da7f532c0a6e","name":"YloGesed","image":{"@type":"ImageObject","inLanguage":"fr-FR","@id":"https:\/\/secure.gravatar.com\/avatar\/de729b1d67e029c80cd346c168b66d6f04504c0824ca7cbfb1c17dab473a3725?s=96&d=mm&r=g","url":"https:\/\/secure.gravatar.com\/avatar\/de729b1d67e029c80cd346c168b66d6f04504c0824ca7cbfb1c17dab473a3725?s=96&d=mm&r=g","contentUrl":"https:\/\/secure.gravatar.com\/avatar\/de729b1d67e029c80cd346c168b66d6f04504c0824ca7cbfb1c17dab473a3725?s=96&d=mm&r=g","caption":"YloGesed"},"sameAs":["https:\/\/gesed.com"],"url":"https:\/\/gesed.com\/index.php\/author\/admin2349\/"}]}},"publishpress_future_action":{"enabled":false,"date":"2026-05-03 15:08:35","action":"change-status","newStatus":"draft","terms":[],"taxonomy":"category","extraData":[]},"publishpress_future_workflow_manual_trigger":{"enabledWorkflows":[]},"rttpg_featured_image_url":{"full":["https:\/\/gesed.com\/wp-content\/uploads\/2026\/01\/Capture-decran-2026-01-24-170541.jpg",363,421,false],"landscape":["https:\/\/gesed.com\/wp-content\/uploads\/2026\/01\/Capture-decran-2026-01-24-170541.jpg",363,421,false],"portraits":["https:\/\/gesed.com\/wp-content\/uploads\/2026\/01\/Capture-decran-2026-01-24-170541.jpg",363,421,false],"thumbnail":["https:\/\/gesed.com\/wp-content\/uploads\/2026\/01\/Capture-decran-2026-01-24-170541-150x150.jpg",150,150,true],"medium":["https:\/\/gesed.com\/wp-content\/uploads\/2026\/01\/Capture-decran-2026-01-24-170541-259x300.jpg",259,300,true],"large":["https:\/\/gesed.com\/wp-content\/uploads\/2026\/01\/Capture-decran-2026-01-24-170541.jpg",363,421,false],"thumblist":["https:\/\/gesed.com\/wp-content\/uploads\/2026\/01\/Capture-decran-2026-01-24-170541-300x300.jpg",300,300,true],"thumbrelated":["https:\/\/gesed.com\/wp-content\/uploads\/2026\/01\/Capture-decran-2026-01-24-170541.jpg",363,421,false],"meccarouselthumb":["https:\/\/gesed.com\/wp-content\/uploads\/2026\/01\/Capture-decran-2026-01-24-170541-363x324.jpg",363,324,true],"gridsquare":["https:\/\/gesed.com\/wp-content\/uploads\/2026\/01\/Capture-decran-2026-01-24-170541-363x260.jpg",363,260,true],"tileview":["https:\/\/gesed.com\/wp-content\/uploads\/2026\/01\/Capture-decran-2026-01-24-170541-300x400.jpg",300,400,true],"1536x1536":["https:\/\/gesed.com\/wp-content\/uploads\/2026\/01\/Capture-decran-2026-01-24-170541.jpg",363,421,false],"2048x2048":["https:\/\/gesed.com\/wp-content\/uploads\/2026\/01\/Capture-decran-2026-01-24-170541.jpg",363,421,false],"ocean-thumb-m":["https:\/\/gesed.com\/wp-content\/uploads\/2026\/01\/Capture-decran-2026-01-24-170541.jpg",363,421,false],"ocean-thumb-ml":["https:\/\/gesed.com\/wp-content\/uploads\/2026\/01\/Capture-decran-2026-01-24-170541.jpg",363,421,false],"ocean-thumb-l":["https:\/\/gesed.com\/wp-content\/uploads\/2026\/01\/Capture-decran-2026-01-24-170541.jpg",363,421,false],"ultp_layout_landscape_large":["https:\/\/gesed.com\/wp-content\/uploads\/2026\/01\/Capture-decran-2026-01-24-170541.jpg",363,421,false],"ultp_layout_landscape":["https:\/\/gesed.com\/wp-content\/uploads\/2026\/01\/Capture-decran-2026-01-24-170541.jpg",363,421,false],"ultp_layout_portrait":["https:\/\/gesed.com\/wp-content\/uploads\/2026\/01\/Capture-decran-2026-01-24-170541.jpg",363,421,false],"ultp_layout_square":["https:\/\/gesed.com\/wp-content\/uploads\/2026\/01\/Capture-decran-2026-01-24-170541.jpg",363,421,false]},"rttpg_author":{"display_name":"YloGesed","author_link":"https:\/\/gesed.com\/index.php\/author\/admin2349\/"},"rttpg_comment":1,"rttpg_category":"<a href=\"https:\/\/gesed.com\/index.php\/category\/news-general\/\" rel=\"category tag\">News - g\u00e9n\u00e9ral<\/a> <a href=\"https:\/\/gesed.com\/index.php\/category\/non-classe\/\" rel=\"category tag\">Non class\u00e9<\/a> <a href=\"https:\/\/gesed.com\/index.php\/category\/page-accueil\/\" rel=\"category tag\">Page accueil<\/a>","rttpg_excerpt":"L&rsquo;objectif est de sensibiliser davantage aux probl\u00e8mes sp\u00e9cifiques des maladies rares.\u00a0 Les actions s&rsquo;adressent au grand public, mais tout aussi bien aux m\u00e9decins et prestataires de soins, aux patients et associations, qu&rsquo;aux d\u00e9cideurs politiques et politiques, etc. RaDiOrg organise la campagne belge. \u00ab\u00a0Rare mais nombreux\u00a0\u00bb, c\u2019est le th\u00e8me de la campagne pour la journ\u00e9e des\u2026","_links":{"self":[{"href":"https:\/\/gesed.com\/index.php\/wp-json\/wp\/v2\/posts\/7285","targetHints":{"allow":["GET"]}}],"collection":[{"href":"https:\/\/gesed.com\/index.php\/wp-json\/wp\/v2\/posts"}],"about":[{"href":"https:\/\/gesed.com\/index.php\/wp-json\/wp\/v2\/types\/post"}],"author":[{"embeddable":true,"href":"https:\/\/gesed.com\/index.php\/wp-json\/wp\/v2\/users\/1"}],"replies":[{"embeddable":true,"href":"https:\/\/gesed.com\/index.php\/wp-json\/wp\/v2\/comments?post=7285"}],"version-history":[{"count":26,"href":"https:\/\/gesed.com\/index.php\/wp-json\/wp\/v2\/posts\/7285\/revisions"}],"predecessor-version":[{"id":7330,"href":"https:\/\/gesed.com\/index.php\/wp-json\/wp\/v2\/posts\/7285\/revisions\/7330"}],"wp:featuredmedia":[{"embeddable":true,"href":"https:\/\/gesed.com\/index.php\/wp-json\/wp\/v2\/media\/7286"}],"wp:attachment":[{"href":"https:\/\/gesed.com\/index.php\/wp-json\/wp\/v2\/media?parent=7285"}],"wp:term":[{"taxonomy":"category","embeddable":true,"href":"https:\/\/gesed.com\/index.php\/wp-json\/wp\/v2\/categories?post=7285"},{"taxonomy":"post_tag","embeddable":true,"href":"https:\/\/gesed.com\/index.php\/wp-json\/wp\/v2\/tags?post=7285"}],"curies":[{"name":"wp","href":"https:\/\/api.w.org\/{rel}","templated":true}]}}